{"id":211053,"date":"2022-07-05T10:32:38","date_gmt":"2022-07-05T14:32:38","guid":{"rendered":"https:\/\/www.ocorreionews.com.br\/acervo-correio\/?p=211053"},"modified":"2022-07-05T14:02:55","modified_gmt":"2022-07-05T18:02:55","slug":"sedema-lanca-pesquisa-de-satisfacao-sobre-a-coleta-de-lixo-em-chapadao-do-sul-veja-como-participar","status":"publish","type":"post","link":"https:\/\/www.ocorreionews.com.br\/acervo-correio\/?p=211053","title":{"rendered":"Sedema lan\u00e7a pesquisa de satisfa\u00e7\u00e3o sobre a Coleta de Lixo em Chapad\u00e3o do Sul, veja como participar"},"content":{"rendered":"<p style=\"font-weight: 400;\">A Prefeitura Municipal de Chapad\u00e3o do Sul, atrav\u00e9s da Secretaria de Desenvolvimento Econ\u00f4mico e Meio Ambiente \u2013 SEDEMA, disponibiliza a partir de hoje, aos mun\u00edcipes sul-chapadenses, pesquisa diagn\u00f3stico de satisfa\u00e7\u00e3o da coleta de lixo residencial em Chapad\u00e3o do Sul. A a\u00e7\u00e3o tem como objetivo nortear os gestores municipais nas tomadas de decis\u00f5es para melhoria na presta\u00e7\u00e3o deste servi\u00e7o.<\/p>\n<p style=\"font-weight: 400;\">A iniciativa busca ainda, otimizar a coleta de res\u00edduos, e a constru\u00e7\u00e3o de um planejamento estrat\u00e9gico para resolu\u00e7\u00e3o de poss\u00edveis falhas, e tamb\u00e9m proporcionar o aumento da qualidade dos servi\u00e7os p\u00fablicos prestados \u00e0 popula\u00e7\u00e3o. A prefeitura busca com o instrumento, o constante aprimoramento nas pol\u00edticas p\u00fablicas para res\u00edduos s\u00f3lidos. O que consequentemente com o bom desempenho da coleta de lixo, traz a excel\u00eancia, sobretudo na limpeza e manuten\u00e7\u00e3o da cidade.<\/p>\n<p style=\"font-weight: 400;\">De acordo com o Secret\u00e1rio da Sedema, Jos\u00e9 Teixeira Junior, a inten\u00e7\u00e3o da a\u00e7\u00e3o \u00e9 construir um novo planejamento e detectar poss\u00edveis melhorias: \u201cNossa inten\u00e7\u00e3o com a pesquisa diagn\u00f3stico \u00e9 ouvir os moradores do munic\u00edpio e detectar poss\u00edveis melhorias que possamos implementar, e otimizar os servi\u00e7os prestados. Com a iniciativa, iremos construir um planejamento estrat\u00e9gico junto ao nosso departamento de Meio Ambiente, que posteriormente ir\u00e1 reger nossa equipe de coleta de res\u00edduos, corrigindo falhas para uma maior satisfa\u00e7\u00e3o da nossa popula\u00e7\u00e3o\u201d finaliza.<\/p>\n<p style=\"font-weight: 400;\"><b><strong>COMO PARTICIPAR:<\/strong><\/b><\/p>\n<p style=\"font-weight: 400;\">Para participar, basta clicar no LINK abaixo, e responder o question\u00e1rio: <a href=\"https:\/\/docs.google.com\/forms\/d\/1szFlL5NZz1Fdg_Jr9EtHsk3IsV0ak_9nwaBqY2zyqVQ\/edit\">https:\/\/docs.google.com\/forms\/d\/1szFlL5NZz1Fdg_Jr9EtHsk3IsV0ak_9nwaBqY2zyqVQ\/edit<\/a><\/p>\n<p style=\"font-weight: 400;\"><b><strong>SOS COLETA:<\/strong><\/b><\/p>\n<p style=\"font-weight: 400;\">O programa \u201cSOS COLETA\u201d \u00e9 instrumento de conex\u00e3o com a popula\u00e7\u00e3o, atendendo \u00e0s den\u00fancias de descarte incorreto de res\u00edduos, resolvendo de forma r\u00e1pida poss\u00edveis falhas que possam ocorrer na coleta de res\u00edduos dom\u00e9sticos dentro do munic\u00edpio, al\u00e9m de orientar os mun\u00edcipes sobre a coleta seletiva.\u00a0Para entrar em contato com o \u201cSOS COLETA\u201d basta mandar um WhatsApp para o n\u00famero (67) 9-9618-3431. Voc\u00ea pode pedir orienta\u00e7\u00f5es, fazer reclama\u00e7\u00f5es, mandar fotos, informar sobre falhas de coleta em sua resid\u00eancia e tirar d\u00favidas sobre quais hor\u00e1rios o caminh\u00e3o de lixo passa em seu bairro.<\/p>\n<p style=\"font-weight: 400;\">Para mais informa\u00e7\u00f5es sobre a coleta de res\u00edduos, podem ser obtidas na Secretaria de Desenvolvimento Econ\u00f4mico e Meio Ambiente, localizada na Avenida Onze, n\u00famero 1.000, Centro.<\/p>\n<p>&nbsp;<\/p>\n<p>&nbsp;<\/p>\n<p>*Assessoria de Imprensa<\/p>\n","protected":false},"excerpt":{"rendered":"<p>A Prefeitura Municipal de Chapad\u00e3o do Sul, atrav\u00e9s da Secretaria de Desenvolvimento Econ\u00f4mico e Meio Ambiente \u2013 SEDEMA, disponibiliza a partir de hoje, aos mun\u00edcipes sul-chapadenses, pesquisa diagn\u00f3stico de satisfa\u00e7\u00e3o da coleta de lixo residencial em Chapad\u00e3o do Sul. A a\u00e7\u00e3o tem como objetivo nortear os gestores municipais nas tomadas de decis\u00f5es para melhoria na [&hellip;]<\/p>\n","protected":false},"author":5,"featured_media":211057,"comment_status":"closed","ping_status":"closed","sticky":false,"template":"","format":"standard","meta":{"footnotes":""},"categories":[23],"tags":[],"class_list":["post-211053","post","type-post","status-publish","format-standard","has-post-thumbnail","hentry","category-chapadao-do-sul"],"_links":{"self":[{"href":"https:\/\/www.ocorreionews.com.br\/acervo-correio\/index.php?rest_route=\/wp\/v2\/posts\/211053","targetHints":{"allow":["GET"]}}],"collection":[{"href":"https:\/\/www.ocorreionews.com.br\/acervo-correio\/index.php?rest_route=\/wp\/v2\/posts"}],"about":[{"href":"https:\/\/www.ocorreionews.com.br\/acervo-correio\/index.php?rest_route=\/wp\/v2\/types\/post"}],"author":[{"embeddable":true,"href":"https:\/\/www.ocorreionews.com.br\/acervo-correio\/index.php?rest_route=\/wp\/v2\/users\/5"}],"replies":[{"embeddable":true,"href":"https:\/\/www.ocorreionews.com.br\/acervo-correio\/index.php?rest_route=%2Fwp%2Fv2%2Fcomments&post=211053"}],"version-history":[{"count":1,"href":"https:\/\/www.ocorreionews.com.br\/acervo-correio\/index.php?rest_route=\/wp\/v2\/posts\/211053\/revisions"}],"predecessor-version":[{"id":211058,"href":"https:\/\/www.ocorreionews.com.br\/acervo-correio\/index.php?rest_route=\/wp\/v2\/posts\/211053\/revisions\/211058"}],"wp:featuredmedia":[{"embeddable":true,"href":"https:\/\/www.ocorreionews.com.br\/acervo-correio\/index.php?rest_route=\/wp\/v2\/media\/211057"}],"wp:attachment":[{"href":"https:\/\/www.ocorreionews.com.br\/acervo-correio\/index.php?rest_route=%2Fwp%2Fv2%2Fmedia&parent=211053"}],"wp:term":[{"taxonomy":"category","embeddable":true,"href":"https:\/\/www.ocorreionews.com.br\/acervo-correio\/index.php?rest_route=%2Fwp%2Fv2%2Fcategories&post=211053"},{"taxonomy":"post_tag","embeddable":true,"href":"https:\/\/www.ocorreionews.com.br\/acervo-correio\/index.php?rest_route=%2Fwp%2Fv2%2Ftags&post=211053"}],"curies":[{"name":"wp","href":"https:\/\/api.w.org\/{rel}","templated":true}]}}