{"id":211054,"date":"2022-07-05T10:31:03","date_gmt":"2022-07-05T14:31:03","guid":{"rendered":"https:\/\/www.ocorreionews.com.br\/acervo-correio\/?p=211054"},"modified":"2022-07-05T10:35:05","modified_gmt":"2022-07-05T14:35:05","slug":"identificada-a-vitima-do-acidente-no-silo-de-soja","status":"publish","type":"post","link":"https:\/\/www.ocorreionews.com.br\/acervo-correio\/?p=211054","title":{"rendered":"Identificada a vitima do acidente no Silo de Soja"},"content":{"rendered":"<p>Foi identificado como Elias Ven\u00e2ncio da Silva, de 47 anos, que\u00a0 morreu soterrado por gr\u00e3os de soja nesta segunda-feira (4) em uma propriedade rural de Chapad\u00e3o do Sul, cidade distante 331 km de Campo Grande.<\/p>\n<p>O corpo de Elias deve ser retirado do silo de gr\u00e3os na manh\u00e3 desta ter\u00e7a-feira.<\/p>\n<p>Na \u00faltima semana a empresa onde ele trabalhava fez uma palestra sobre seguran\u00e7a no trabalho e a import\u00e2ncia do uso dos equipamentos, mas Elias n\u00e3o respeitou as ordens. Natural do Paran\u00e1, regi\u00e3o sul do pa\u00eds, Elias trabalhava em Mato Grosso do Sul na \u00e9poca da colheita. &#8211;<\/p>\n<p>CREDITO: CAMPO GRANDE NEWS<\/p>\n","protected":false},"excerpt":{"rendered":"<p>Foi identificado como Elias Ven\u00e2ncio da Silva, de 47 anos, que\u00a0 morreu soterrado por gr\u00e3os de soja nesta segunda-feira (4) em uma propriedade rural de Chapad\u00e3o do Sul, cidade distante 331 km de Campo Grande. O corpo de Elias deve ser retirado do silo de gr\u00e3os na manh\u00e3 desta ter\u00e7a-feira. Na \u00faltima semana a empresa [&hellip;]<\/p>\n","protected":false},"author":4,"featured_media":211055,"comment_status":"closed","ping_status":"closed","sticky":false,"template":"","format":"standard","meta":{"footnotes":""},"categories":[38],"tags":[],"class_list":["post-211054","post","type-post","status-publish","format-standard","has-post-thumbnail","hentry","category-policia"],"_links":{"self":[{"href":"https:\/\/www.ocorreionews.com.br\/acervo-correio\/index.php?rest_route=\/wp\/v2\/posts\/211054","targetHints":{"allow":["GET"]}}],"collection":[{"href":"https:\/\/www.ocorreionews.com.br\/acervo-correio\/index.php?rest_route=\/wp\/v2\/posts"}],"about":[{"href":"https:\/\/www.ocorreionews.com.br\/acervo-correio\/index.php?rest_route=\/wp\/v2\/types\/post"}],"author":[{"embeddable":true,"href":"https:\/\/www.ocorreionews.com.br\/acervo-correio\/index.php?rest_route=\/wp\/v2\/users\/4"}],"replies":[{"embeddable":true,"href":"https:\/\/www.ocorreionews.com.br\/acervo-correio\/index.php?rest_route=%2Fwp%2Fv2%2Fcomments&post=211054"}],"version-history":[{"count":1,"href":"https:\/\/www.ocorreionews.com.br\/acervo-correio\/index.php?rest_route=\/wp\/v2\/posts\/211054\/revisions"}],"predecessor-version":[{"id":211056,"href":"https:\/\/www.ocorreionews.com.br\/acervo-correio\/index.php?rest_route=\/wp\/v2\/posts\/211054\/revisions\/211056"}],"wp:featuredmedia":[{"embeddable":true,"href":"https:\/\/www.ocorreionews.com.br\/acervo-correio\/index.php?rest_route=\/wp\/v2\/media\/211055"}],"wp:attachment":[{"href":"https:\/\/www.ocorreionews.com.br\/acervo-correio\/index.php?rest_route=%2Fwp%2Fv2%2Fmedia&parent=211054"}],"wp:term":[{"taxonomy":"category","embeddable":true,"href":"https:\/\/www.ocorreionews.com.br\/acervo-correio\/index.php?rest_route=%2Fwp%2Fv2%2Fcategories&post=211054"},{"taxonomy":"post_tag","embeddable":true,"href":"https:\/\/www.ocorreionews.com.br\/acervo-correio\/index.php?rest_route=%2Fwp%2Fv2%2Ftags&post=211054"}],"curies":[{"name":"wp","href":"https:\/\/api.w.org\/{rel}","templated":true}]}}