{"id":211069,"date":"2022-07-05T14:48:09","date_gmt":"2022-07-05T18:48:09","guid":{"rendered":"https:\/\/www.ocorreionews.com.br\/acervo-correio\/?p=211069"},"modified":"2022-07-05T14:49:28","modified_gmt":"2022-07-05T18:49:28","slug":"depois-de-quase-20h-corpo-de-trabalhador-e-retirado-de-silo-em-chapadao-do-sul","status":"publish","type":"post","link":"https:\/\/www.ocorreionews.com.br\/acervo-correio\/?p=211069","title":{"rendered":"Depois de quase 20h corpo de trabalhador \u00e9 retirado de silo em Chapad\u00e3o do Sul"},"content":{"rendered":"<p>Foi retirado o corpo de Elias Ven\u00e2ncio da Silva, de 47 anos, natural do estado do Paran\u00e1 que morreu soterrado em um armaz\u00e9m de gr\u00e3os, no inicio da noite desta segunda-feira (4), em \u00a0uma fazenda em Chapad\u00e3o do Sul que fica nas margens da MS 306 sentido Cassil\u00e2ndia.<\/p>\n<p>Depois de quase 20 horas a for\u00e7a tarefa que foi montada, que envolveu militares do Corpo de Bombeiros, funcion\u00e1rios da empresa, peritos da policia, conseguiram localizar e retirar o corpo do trabalhador que foi encaminhado para o IML de Parana\u00edba.<\/p>\n<p><a href=\"https:\/\/www.ocorreionews.com.br\/acervo-correio\/operarior-morreu-soterrado-no-silo-de-milho-em-chapadao-do-sul\/?fbclid=IwAR1753BuNWYk3OSe_HaG4oWAaTbXXoapZ8vJ5Gy562SqFGx4f6sGaKOk1Ho\">Elias morreu quando tentava transferir gr\u00e3os de soja de um silo para outro<\/a>, quando tentou desobstruir o funil e acabou caindo e sendo sugado pelo maquin\u00e1rio. A v\u00edtima n\u00e3o usava equipamentos de seguran\u00e7a.<\/p>\n<p data-track-category=\"Link no Texto\" data-track-links=\"\">Este \u00e9 a segunda morte que acontece de trabalhadores que foram soterrados por gr\u00e3os em armaz\u00e9ns da cidade.<a href=\"https:\/\/www.ocorreionews.com.br\/acervo-correio\/corpo-da-vitimas-do-acidente-em-silo-ainda-nao-foi-retirado\/\"> No ultimo dia 12 de junho o jovem C\u00e9sar Nunes dos Santos de 22 anos foi soterrado por de gr\u00e3os de soja<\/a> num silo de armaz\u00e9m tamb\u00e9m na margem da MS-306, na sa\u00edda para Cassil\u00e2ndia s\u00f3 que em outra empresa.<\/p>\n<p data-track-category=\"Link no Texto\" data-track-links=\"\"><a href=\"https:\/\/www.ocorreionews.com.br\/acervo-correio\/wp-content\/uploads\/2022\/07\/morte-trabalhador-armazen2.jpg\"><img loading=\"lazy\" decoding=\"async\" class=\"alignnone wp-image-211012\" src=\"https:\/\/www.ocorreionews.com.br\/acervo-correio\/wp-content\/uploads\/2022\/07\/morte-trabalhador-armazen2.jpg\" alt=\"\" width=\"438\" height=\"584\" srcset=\"https:\/\/www.ocorreionews.com.br\/acervo-correio\/wp-content\/uploads\/2022\/07\/morte-trabalhador-armazen2.jpg 450w, https:\/\/www.ocorreionews.com.br\/acervo-correio\/wp-content\/uploads\/2022\/07\/morte-trabalhador-armazen2-225x300.jpg 225w\" sizes=\"auto, (max-width: 438px) 100vw, 438px\" \/><\/a><\/p>\n<p data-track-category=\"Link no Texto\" data-track-links=\"\"><a href=\"https:\/\/www.ocorreionews.com.br\/acervo-correio\/wp-content\/uploads\/2022\/07\/morte-trabalhador-armazen3.jpg\"><img loading=\"lazy\" decoding=\"async\" class=\"alignnone size-full wp-image-211013\" src=\"https:\/\/www.ocorreionews.com.br\/acervo-correio\/wp-content\/uploads\/2022\/07\/morte-trabalhador-armazen3.jpg\" alt=\"\" width=\"441\" height=\"600\" srcset=\"https:\/\/www.ocorreionews.com.br\/acervo-correio\/wp-content\/uploads\/2022\/07\/morte-trabalhador-armazen3.jpg 441w, https:\/\/www.ocorreionews.com.br\/acervo-correio\/wp-content\/uploads\/2022\/07\/morte-trabalhador-armazen3-221x300.jpg 221w\" sizes=\"auto, (max-width: 441px) 100vw, 441px\" \/><\/a><\/p>\n","protected":false},"excerpt":{"rendered":"<p>Foi retirado o corpo de Elias Ven\u00e2ncio da Silva, de 47 anos, natural do estado do Paran\u00e1 que morreu soterrado em um armaz\u00e9m de gr\u00e3os, no inicio da noite desta segunda-feira (4), em \u00a0uma fazenda em Chapad\u00e3o do Sul que fica nas margens da MS 306 sentido Cassil\u00e2ndia. Depois de quase 20 horas a for\u00e7a [&hellip;]<\/p>\n","protected":false},"author":5,"featured_media":211011,"comment_status":"closed","ping_status":"closed","sticky":false,"template":"","format":"standard","meta":{"footnotes":""},"categories":[23,41,38],"tags":[],"class_list":["post-211069","post","type-post","status-publish","format-standard","has-post-thumbnail","hentry","category-chapadao-do-sul","category-destaque","category-policia"],"_links":{"self":[{"href":"https:\/\/www.ocorreionews.com.br\/acervo-correio\/index.php?rest_route=\/wp\/v2\/posts\/211069","targetHints":{"allow":["GET"]}}],"collection":[{"href":"https:\/\/www.ocorreionews.com.br\/acervo-correio\/index.php?rest_route=\/wp\/v2\/posts"}],"about":[{"href":"https:\/\/www.ocorreionews.com.br\/acervo-correio\/index.php?rest_route=\/wp\/v2\/types\/post"}],"author":[{"embeddable":true,"href":"https:\/\/www.ocorreionews.com.br\/acervo-correio\/index.php?rest_route=\/wp\/v2\/users\/5"}],"replies":[{"embeddable":true,"href":"https:\/\/www.ocorreionews.com.br\/acervo-correio\/index.php?rest_route=%2Fwp%2Fv2%2Fcomments&post=211069"}],"version-history":[{"count":1,"href":"https:\/\/www.ocorreionews.com.br\/acervo-correio\/index.php?rest_route=\/wp\/v2\/posts\/211069\/revisions"}],"predecessor-version":[{"id":211071,"href":"https:\/\/www.ocorreionews.com.br\/acervo-correio\/index.php?rest_route=\/wp\/v2\/posts\/211069\/revisions\/211071"}],"wp:featuredmedia":[{"embeddable":true,"href":"https:\/\/www.ocorreionews.com.br\/acervo-correio\/index.php?rest_route=\/wp\/v2\/media\/211011"}],"wp:attachment":[{"href":"https:\/\/www.ocorreionews.com.br\/acervo-correio\/index.php?rest_route=%2Fwp%2Fv2%2Fmedia&parent=211069"}],"wp:term":[{"taxonomy":"category","embeddable":true,"href":"https:\/\/www.ocorreionews.com.br\/acervo-correio\/index.php?rest_route=%2Fwp%2Fv2%2Fcategories&post=211069"},{"taxonomy":"post_tag","embeddable":true,"href":"https:\/\/www.ocorreionews.com.br\/acervo-correio\/index.php?rest_route=%2Fwp%2Fv2%2Ftags&post=211069"}],"curies":[{"name":"wp","href":"https:\/\/api.w.org\/{rel}","templated":true}]}}