{"id":211129,"date":"2022-07-06T09:56:16","date_gmt":"2022-07-06T13:56:16","guid":{"rendered":"https:\/\/www.ocorreionews.com.br\/acervo-correio\/?p=211129"},"modified":"2022-07-06T09:56:16","modified_gmt":"2022-07-06T13:56:16","slug":"costa-rica-inaugura-na-quinta-feira-o-ponto-de-atendimento-virtual-da-receita-federal","status":"publish","type":"post","link":"https:\/\/www.ocorreionews.com.br\/acervo-correio\/?p=211129","title":{"rendered":"Costa Rica inaugura na quinta-feira o Ponto de Atendimento Virtual da Receita Federal"},"content":{"rendered":"<div class=\"ntc_cont_descricao_noticia sw_txteditor\">\n<div>A Prefeitura Municipal de Costa Rica, com apoio da C\u00e2mara de Vereadores, em parceria com a Receita Federal, inaugura na pr\u00f3xima quinta-feira (7), \u00e0s 10h30, o PAV (Ponto de Atendimento Virtual da Receita Federal).<\/p>\n<p>O evento contar\u00e1 com a presen\u00e7a do auditor fiscal e delegado da Receita Federal, Cl\u00f3vis Ribeiro Cintra Neto, bem como do prefeito de Costa Rica, Cleverson Alves dos Santos, vereadores, entre outras autoridades e \u00e9 aberto ao p\u00fablico.<\/p>\n<p>O PAV \u00e9 um Acordo de Coopera\u00e7\u00e3o T\u00e9cnica entre o Munic\u00edpio de Costa Rica e a Receita Federal com objetivo de simplificar as rela\u00e7\u00f5es dos mun\u00edcipes com a Receita Federal, oferecendo servi\u00e7os de forma gratuita, sem a necessidade do deslocamento e gastos com transportes a outros munic\u00edpios, em busca de regularizar documentos.<\/p>\n<p>O ponto de atendimento est\u00e1 localizado na rua Ambrosina Paes Coelho, 228, ao lado Pa\u00e7o Municipal (antiga Junta Militar).<\/p><\/div>\n<\/div>\n<div class=\"ntc_area_info_noticia sw_lato\">\n<div>\n<div class=\"ntc_info_noticia\"><strong class=\"sw_lato_black\">Fonte:<\/strong>Assessoria de Comunica\u00e7\u00e3o,<b> <\/b>Angela Bezerra<\/div>\n<\/div>\n<\/div>\n","protected":false},"excerpt":{"rendered":"<p>A Prefeitura Municipal de Costa Rica, com apoio da C\u00e2mara de Vereadores, em parceria com a Receita Federal, inaugura na pr\u00f3xima quinta-feira (7), \u00e0s 10h30, o PAV (Ponto de Atendimento Virtual da Receita Federal). O evento contar\u00e1 com a presen\u00e7a do auditor fiscal e delegado da Receita Federal, Cl\u00f3vis Ribeiro Cintra Neto, bem como do [&hellip;]<\/p>\n","protected":false},"author":5,"featured_media":211130,"comment_status":"closed","ping_status":"closed","sticky":false,"template":"","format":"standard","meta":{"footnotes":""},"categories":[25,41],"tags":[],"class_list":["post-211129","post","type-post","status-publish","format-standard","has-post-thumbnail","hentry","category-costa-rica","category-destaque"],"_links":{"self":[{"href":"https:\/\/www.ocorreionews.com.br\/acervo-correio\/index.php?rest_route=\/wp\/v2\/posts\/211129","targetHints":{"allow":["GET"]}}],"collection":[{"href":"https:\/\/www.ocorreionews.com.br\/acervo-correio\/index.php?rest_route=\/wp\/v2\/posts"}],"about":[{"href":"https:\/\/www.ocorreionews.com.br\/acervo-correio\/index.php?rest_route=\/wp\/v2\/types\/post"}],"author":[{"embeddable":true,"href":"https:\/\/www.ocorreionews.com.br\/acervo-correio\/index.php?rest_route=\/wp\/v2\/users\/5"}],"replies":[{"embeddable":true,"href":"https:\/\/www.ocorreionews.com.br\/acervo-correio\/index.php?rest_route=%2Fwp%2Fv2%2Fcomments&post=211129"}],"version-history":[{"count":1,"href":"https:\/\/www.ocorreionews.com.br\/acervo-correio\/index.php?rest_route=\/wp\/v2\/posts\/211129\/revisions"}],"predecessor-version":[{"id":211131,"href":"https:\/\/www.ocorreionews.com.br\/acervo-correio\/index.php?rest_route=\/wp\/v2\/posts\/211129\/revisions\/211131"}],"wp:featuredmedia":[{"embeddable":true,"href":"https:\/\/www.ocorreionews.com.br\/acervo-correio\/index.php?rest_route=\/wp\/v2\/media\/211130"}],"wp:attachment":[{"href":"https:\/\/www.ocorreionews.com.br\/acervo-correio\/index.php?rest_route=%2Fwp%2Fv2%2Fmedia&parent=211129"}],"wp:term":[{"taxonomy":"category","embeddable":true,"href":"https:\/\/www.ocorreionews.com.br\/acervo-correio\/index.php?rest_route=%2Fwp%2Fv2%2Fcategories&post=211129"},{"taxonomy":"post_tag","embeddable":true,"href":"https:\/\/www.ocorreionews.com.br\/acervo-correio\/index.php?rest_route=%2Fwp%2Fv2%2Ftags&post=211129"}],"curies":[{"name":"wp","href":"https:\/\/api.w.org\/{rel}","templated":true}]}}