{"id":211136,"date":"2022-07-06T10:47:29","date_gmt":"2022-07-06T14:47:29","guid":{"rendered":"https:\/\/www.ocorreionews.com.br\/acervo-correio\/?p=211136"},"modified":"2022-07-06T10:47:29","modified_gmt":"2022-07-06T14:47:29","slug":"demutran-faz-demarcacao-horizontal-nos-50-pontos-de-onibus-de-costa-rica","status":"publish","type":"post","link":"https:\/\/www.ocorreionews.com.br\/acervo-correio\/?p=211136","title":{"rendered":"Demutran faz demarca\u00e7\u00e3o horizontal nos 50 pontos de \u00f4nibus de Costa Rica"},"content":{"rendered":"<div class=\"ntc_cont_descricao_noticia sw_txteditor\">\n<div>O Demutran (Departamento Municipal de Tr\u00e2nsito) vem promovendo uma s\u00e9rie\u00a0a\u00e7\u00f5es para melhorar a trafegabilidade nas das vias p\u00fablicas municipais. Na \u00faltima segunda-feira (4), o servi\u00e7o foi expandido para a demarca\u00e7\u00e3o da \u00e1rea de circula\u00e7\u00e3o de embarque e desembarque dos 50 pontos de \u00f4nibus do transporte p\u00fablico.<\/p>\n<p>Conforme o diretor do departamento, Valdeir Pimenta, as a\u00e7\u00f5es de sinaliza\u00e7\u00e3o e acessos p\u00fablicos ajudam a conscientizar o cidad\u00e3o sobre a seguran\u00e7a vi\u00e1ria e a reduzir o risco de acidentes.<\/p>\n<p>Para a coordenadora do transporte p\u00fablico de Costa Rica, Angela da Cruz, essa adequa\u00e7\u00e3o facilita a trafegabilidade a da seguran\u00e7a aos usu\u00e1rios.<\/p>\n<p>\u201cMuito importante esses servi\u00e7os que est\u00e3o sendo realizados pelo Demutran, tanto pela seguran\u00e7a de nossos cidad\u00e3os quanto na efici\u00eancia do transporte\u201d, aponta a \u00a0coordenadora.<\/p><\/div>\n<div><\/div>\n<\/div>\n<p><img decoding=\"async\" src=\"https:\/\/www.costarica.ms.gov.br\/fotos\/ca1e031c5fb33c5394290c5526d6ea0e.jpg\" alt=\"Foto Noticia Principal Grande\" \/><\/p>\n<div class=\"ntc_area_info_noticia sw_lato\">\n<div>\n<div class=\"ntc_info_noticia\"><strong class=\"sw_lato_black\">Fonte:<\/strong>Assessoria de Comunica\u00e7\u00e3o,<b> <\/b>Angela Bezerra<\/div>\n<\/div>\n<\/div>\n","protected":false},"excerpt":{"rendered":"<p>O Demutran (Departamento Municipal de Tr\u00e2nsito) vem promovendo uma s\u00e9rie\u00a0a\u00e7\u00f5es para melhorar a trafegabilidade nas das vias p\u00fablicas municipais. Na \u00faltima segunda-feira (4), o servi\u00e7o foi expandido para a demarca\u00e7\u00e3o da \u00e1rea de circula\u00e7\u00e3o de embarque e desembarque dos 50 pontos de \u00f4nibus do transporte p\u00fablico. Conforme o diretor do departamento, Valdeir Pimenta, as a\u00e7\u00f5es [&hellip;]<\/p>\n","protected":false},"author":5,"featured_media":211137,"comment_status":"closed","ping_status":"closed","sticky":false,"template":"","format":"standard","meta":{"footnotes":""},"categories":[25],"tags":[],"class_list":["post-211136","post","type-post","status-publish","format-standard","has-post-thumbnail","hentry","category-costa-rica"],"_links":{"self":[{"href":"https:\/\/www.ocorreionews.com.br\/acervo-correio\/index.php?rest_route=\/wp\/v2\/posts\/211136","targetHints":{"allow":["GET"]}}],"collection":[{"href":"https:\/\/www.ocorreionews.com.br\/acervo-correio\/index.php?rest_route=\/wp\/v2\/posts"}],"about":[{"href":"https:\/\/www.ocorreionews.com.br\/acervo-correio\/index.php?rest_route=\/wp\/v2\/types\/post"}],"author":[{"embeddable":true,"href":"https:\/\/www.ocorreionews.com.br\/acervo-correio\/index.php?rest_route=\/wp\/v2\/users\/5"}],"replies":[{"embeddable":true,"href":"https:\/\/www.ocorreionews.com.br\/acervo-correio\/index.php?rest_route=%2Fwp%2Fv2%2Fcomments&post=211136"}],"version-history":[{"count":1,"href":"https:\/\/www.ocorreionews.com.br\/acervo-correio\/index.php?rest_route=\/wp\/v2\/posts\/211136\/revisions"}],"predecessor-version":[{"id":211138,"href":"https:\/\/www.ocorreionews.com.br\/acervo-correio\/index.php?rest_route=\/wp\/v2\/posts\/211136\/revisions\/211138"}],"wp:featuredmedia":[{"embeddable":true,"href":"https:\/\/www.ocorreionews.com.br\/acervo-correio\/index.php?rest_route=\/wp\/v2\/media\/211137"}],"wp:attachment":[{"href":"https:\/\/www.ocorreionews.com.br\/acervo-correio\/index.php?rest_route=%2Fwp%2Fv2%2Fmedia&parent=211136"}],"wp:term":[{"taxonomy":"category","embeddable":true,"href":"https:\/\/www.ocorreionews.com.br\/acervo-correio\/index.php?rest_route=%2Fwp%2Fv2%2Fcategories&post=211136"},{"taxonomy":"post_tag","embeddable":true,"href":"https:\/\/www.ocorreionews.com.br\/acervo-correio\/index.php?rest_route=%2Fwp%2Fv2%2Ftags&post=211136"}],"curies":[{"name":"wp","href":"https:\/\/api.w.org\/{rel}","templated":true}]}}