{"id":211139,"date":"2022-07-06T10:55:25","date_gmt":"2022-07-06T14:55:25","guid":{"rendered":"https:\/\/www.ocorreionews.com.br\/acervo-correio\/?p=211139"},"modified":"2022-07-06T10:55:25","modified_gmt":"2022-07-06T14:55:25","slug":"em-sua-2a-edicao-meu-bairro-e-show-intensifica-acoes-no-grande-sao-francisco","status":"publish","type":"post","link":"https:\/\/www.ocorreionews.com.br\/acervo-correio\/?p=211139","title":{"rendered":"Em sua 2\u00aa edi\u00e7\u00e3o, Meu Bairro \u00e9 Show intensifica a\u00e7\u00f5es no grande S\u00e3o Francisco"},"content":{"rendered":"<div class=\"ntc_cont_descricao_noticia sw_txteditor\">O Governo de Costa Rica em parceria com a C\u00e2mara de Vereadores e demais parceiros, disponibilizaram cerca de 20 servi\u00e7os p\u00fablicos durante a 2\u00aa edi\u00e7\u00e3o do \u201cMeu Bairro \u00e9 Show\u201d, realizado neste s\u00e1bado (2), em frente a ESF (Estrat\u00e9gia de Sa\u00fade da Fam\u00edlia), localizada no bairro S\u00e3o Francisco. Uma s\u00e9rie de trabalhos foram executados simultaneamente como um complemento \u00e0s atividades de cuidado com a cidade, que j\u00e1 acontecem diariamente nos quatro cantos de Costa Rica, levando a\u00e7\u00f5es direcionadas aos bairros e focadas em atender \u00e0s necessidades de cada regi\u00e3o. Ao todo foram realizados quase mil atendimentos.<\/p>\n<p>A\u00e7\u00f5es sociais, de sa\u00fade, presta\u00e7\u00e3o de servi\u00e7os diversos, tecnologia da informa\u00e7\u00e3o, cidadania, cultura e lazer, sendo ofertados gratuitamente aos moradores. A iniciativa teve como objetivo aproximar ainda mais o cidad\u00e3o com as a\u00e7\u00f5es e projetos do Executivo e do Legislativo, al\u00e9m de dar uma aten\u00e7\u00e3o especial ao bairro e tornar mais eficiente as estrat\u00e9gias para solu\u00e7\u00e3o dos desafios da gest\u00e3o p\u00fablica.<\/p><\/div>\n<div class=\"ntc_cont_descricao_noticia sw_txteditor\"><img decoding=\"async\" src=\"https:\/\/www.costarica.ms.gov.br\/fotos\/96ae222c2bb7ef289075512263e769c2.jpg\" alt=\"Foto Noticia Principal Grande\" \/><\/p>\n<p>O prefeito Cleverson Alves dos Santos acompanhou de perto o trabalho de todos no evento e interagiu com os moradores do bairro, ouvindo atentamente \u00e0s reivindica\u00e7\u00f5es apresentadas. \u201cTenho compromisso com uma gest\u00e3o voltada para valorizar o ser humano, fazendo a inclus\u00e3o social e facilitando a vida de todos, \u00e9 meu dever como prefeito de Costa Rica\u201d, justifica ele.<\/p>\n<p>De acordo com o vice-prefeito, Roni Cota, o poder p\u00fablico e seus parceiros est\u00e3o fazendo a diferen\u00e7a no Meu Bairro \u00e9 Show.<\/p>\n<p>\u201c\u00c9 um momento importante essa aproxima\u00e7\u00e3o do poder p\u00fablico com a popula\u00e7\u00e3o. N\u00f3s acreditamos no potencial das nossas comunidades e dos moradores dos nossos bairros. Aqui estamos para n\u00e3o s\u00f3 ouvir a nossa gente, mas tamb\u00e9m para acatar as reivindica\u00e7\u00f5es de melhorias sugeridas e transformar em realidade. Cada bairro tem a suas individualidades e as suas prioridades e por mais que o legislativo nos reporta esses anseios, a Prefeitura Municipal e a C\u00e2mara de Vereadores se unem nesse tipo de a\u00e7\u00e3o e sempre estar\u00e1 \u00e0 disposi\u00e7\u00e3o de todos. Deixo aqui o abra\u00e7o da nossa gest\u00e3o e venho agradecer imensamente, aos servidores p\u00fablicos costarriquenses que est\u00e3o servindo a popula\u00e7\u00e3o com dedica\u00e7\u00e3o e profissionalismo\u201d, refor\u00e7ou o vice-prefeito.<\/p>\n<p>A presidente do Legislativo, professora mestre Manuelina Martins da Silva Arantes Cabral, tamb\u00e9m participou ativamente da a\u00e7\u00e3o e parabenizou o prefeito e toda a organiza\u00e7\u00e3o pela iniciativa. Na oportunidade a vereadora tamb\u00e9m apresentou algumas reivindica\u00e7\u00f5es ao Executivo, entre elas a constru\u00e7\u00e3o de uma quadra poliesportiva na pra\u00e7a, quebra-molas, revis\u00e3o do IPTU, melhorias na rede de esgoto<\/p>\n<p>\u201c\u00c9 uma honra e uma alegria poder estar presente no 2\u00ba Meu Bairro \u00e9 um Show. Sou moradora do bairro e acompanho de perto os anseios do grande S\u00e3o Francisco. Apresentei emenda impositiva destinada a Secretaria de Sa\u00fade para melhorias e amplia\u00e7\u00e3o da ESF do bairro no de R$ 50 mil e esperamos que os moradores possam desfrutar desses momentos. N\u00f3s vereadores nos colocamos a disposi\u00e7\u00e3o da popula\u00e7\u00e3o para receber tamb\u00e9m as suas demandas\u201d, destacou a presidente.<\/p>\n<p>O evento tamb\u00e9m contou com a presen\u00e7a de autoridades locais, l\u00edderes religiosos e com a participa\u00e7\u00e3o do Coral Sou do Bem, das Pol\u00edcias Ambiental, Civil e Militar, Corpo de Bombeiros, Conselho Tutelar, Poder Judici\u00e1rio, Detran\/MS (Departamento Estadual de Tr\u00e2nsito de Mato Grosso do Sul), Demutran (Departamento Municipal de Tr\u00e2nsito), Sala do Empreendedor, Procon (Superintend\u00eancia Orienta\u00e7\u00e3o e Defesa do Consumidor), entre outros.<\/p>\n<p><strong>Atendimentos e servi\u00e7os<\/strong><\/p>\n<p>Os atendimentos foram realizados das 13 \u00e0s 17 horas com a participa\u00e7\u00e3o de todas as secretarias, autarquias municipais e parceiros nesta a\u00e7\u00e3o. Dentre os servi\u00e7os oferecidos est\u00e3o atividades esportivas e atra\u00e7\u00f5es culturais pela Secretaria de\u00a0<strong>Educa\u00e7\u00e3o<\/strong>\u00a0(SEMED), jogos de mesa, brincadeiras, pinturas com tintas em papel e faciais, leituras e conta\u00e7\u00e3o de hist\u00f3rias, entre outros. 15 servidores atenderam mais de 300 crian\u00e7as.<\/p>\n<p>A Secretaria de\u00a0<strong>Sa\u00fade<\/strong>\u00a0fez 183 atendimentos como Aferi\u00e7\u00e3o de Press\u00e3o Arterial, verifica\u00e7\u00e3o de Glicemia, 46 Vacina\u00e7\u00f5es contra Influenza e 41 contra covid-19 (calend\u00e1rio adulto e infantil: influenza e Covid-19), 90 testes r\u00e1pidos para HIV, S\u00edfilis, Hepatite B e Hepatite C, 3 atendimentos m\u00e9dicos e 3 coletas de citopatol\u00f3gico, al\u00e9m de orienta\u00e7\u00e3o sobre Limpeza, escova\u00e7\u00e3o e aplica\u00e7\u00e3o de Fluor, Educa\u00e7\u00e3o em Sa\u00fade distribuiu panfletos sobre dengue, covid-19, febre amarela, raiva e outros, al\u00e9m de exames preventivos. Foram distribu\u00eddos 244 kits de escova\u00e7\u00e3o e higiene bucal.<\/p>\n<p>Por meio do\u00a0<strong>Castram\u00f3vel<\/strong>, a Vigil\u00e2ncia em Sa\u00fade agendou 16 castra\u00e7\u00f5es de gatos e c\u00e3es machos e cadastrou outros pedidos do g\u00eanero para novos procedimentos.<\/p>\n<p>A Secretaria de\u00a0<strong>Agricultura e Desenvolvimento<\/strong>\u00a0al\u00e9m de orientar os pequenos agricultores e a popula\u00e7\u00e3o em geral, fez a doa\u00e7\u00e3o e entrega de 250 cestas verdes.<\/p>\n<p>A Secretaria de\u00a0<strong>Assist\u00eancia Social<\/strong>\u00a0esteve presente e ofertou a popula\u00e7\u00e3o do bairro servi\u00e7os de atendimento diversos. O CREAS (Centro de Refer\u00eancia Especializado de Assist\u00eancia Social) e sua equipe t\u00e9cnica participou do \u201cMeu Bairro \u00c9 Show\u201d, prestando orienta\u00e7\u00e3o sobre Direitos Violados, entregas do cart\u00f5es com endere\u00e7o e n\u00famero do telefone para Denuncias, bem como todos os servi\u00e7os ofertados pelo CREAS e CRAS (Centro de Refer\u00eancia da Assist\u00eancia Social). Os 38 colaboradores da Secretaria de Assist\u00eancia Social participaram da a\u00e7\u00e3o. Houve muita procura por servi\u00e7os da\u00a0<strong>Oficina das Oportunidades<\/strong>, onde a equipe juntamente com Gilson Paniago orientou a todos.\u00a0<strong>SERVI\u00c7OS:\u00a0<\/strong>RG \u2013 30 novos e 30 segundas via; Habita\u00e7\u00e3o e Moradia Inacabadas: 4 atendimentos e 1 visita in loco; St\u00fadio Menina Mo\u00e7a \u2013 Sara Gon\u00e7alves (8 m\u00e3os, 7 sobrancelhas) e St\u00fadio Kate Kayane Ferro (9 sobrancelhas) \u2013 63 escovas, hidrata\u00e7\u00e3o e cortes; Cabeleireira Elsa Almeida &#8211; 7 escovas e hidrata\u00e7\u00e3o; Cabeleireira Lucy F\u00e9lix \u2013 10 cabelos e escovas; Amanda Cabeleireira \u2013 6 escovas; Erika Joseane Gabriel Cabeleireira &#8211; 2 cabelos e escovas; Josemar Cabeleireiro &#8211; 27 cortes de cabelo; Barbearia Santos (Leandro|) 4 cortes de cabelo; Oleg\u00e1rio Sal\u00e3o Barboza) 7 cortes de cabelo e Rejane Ang\u00e9lica Rodrigues 5 pl\u00e1sticas dos p\u00e9s. Atendimento BPC &#8211; 11 pessoas; Atendimento CAD \u00danico &#8211; 34 pessoas; Agendamento &#8211; 21 pessoas; Assistente Social &#8211; 16 pessoas atendidas.<\/p>\n<p>Na \u00e1rea de trabalho e profissionaliza\u00e7\u00e3o, com tr\u00eas servidores na a\u00e7\u00e3o, a\u00a0<strong>Casa do Trabalhador<\/strong>\u00a0fez 3 atendimentos e diversas impress\u00f5es de curr\u00edculos e encaminhamentos \u00e0s vagas de emprego, realizando sele\u00e7\u00e3o de pessoal para as vagas de trabalho capitaneadas no munic\u00edpio, al\u00e9m de orienta\u00e7\u00f5es para emiss\u00f5es de Carteiras de Trabalho e de requerimento de seguro desemprego. Tamb\u00e9m foi enfatizado os cursos de qualifica\u00e7\u00e3o que s\u00e3o disponibilizados.<\/p>\n<p>A Secretaria de\u00a0<strong>Turismo, Meio Ambiente, Esporte e Cultura<\/strong>\u00a0levou 7 servidores para o evento e distribuiu panfletos de divulga\u00e7\u00e3o tur\u00edstica e diversos atendimentos com indica\u00e7\u00f5es na mesa para mais de 50 pessoas. Um v\u00eddeo institucional do Munic\u00edpio com os principais pontos tur\u00edsticos foi exibido ao p\u00fablico presente.<\/p>\n<p>O Departamento de Cadastro da secretaria de Administra\u00e7\u00e3o e\u00a0<strong>Finan\u00e7as<\/strong>\u00a0fez diversos atendimentos ao cidad\u00e3o, como emiss\u00e3o guias de IPTU, parcelamentos, consultas e negocia\u00e7\u00f5es, ISS, licen\u00e7as para empresas e pedidos de avalia\u00e7\u00f5es de im\u00f3veis, prestando assist\u00eancia e orienta\u00e7\u00f5es gerais aos visitantes.<\/p>\n<p>A\u00a0<strong>Subsecretaria de<\/strong>\u00a0<strong>Administra\u00e7\u00e3o<\/strong>\u00a0trabalhou com 5 servidores e disponibilizou dois pula-pulas e distribuiu 700 picol\u00e9s, 400 pipocas e 400 pacotinhos com doces para as crian\u00e7as presentes.<\/p>\n<p>O\u00a0<strong>Procon<\/strong>\u00a0de Costa Rica tem como miss\u00e3o principal equilibrar e harmonizar as rela\u00e7\u00f5es entre consumidores e fornecedores. Tendo por objetivo elaborar e executar a pol\u00edtica de prote\u00e7\u00e3o e defesa dos consumidores do Munic\u00edpio, com servidores presentes, fez 8 atendimentos envolvendo operadoras de telefonia, 4 de sistema financeiro, 3 envolvendo universidades, 5 consultas \u00e0 Serasa, 10 encaminhamentos da Caixa Econ\u00f4mica Federal e 3 orienta\u00e7\u00f5es sobre taxa do lixo.<\/p>\n<p>A\u00a0<strong>Sala do Empreendedor<\/strong>\u00a0fez 5 atendimentos para facilitar a vida dos empreendedores com os processos de abertura de empresas, regulariza\u00e7\u00e3o e baixa; bem como servi\u00e7os exclusivos aos Microempreendedores Individuais (MEI). V\u00e1rias d\u00favidas foram tiradas dos empreendedores durante palestras.<\/p>\n<p>O\u00a0<strong>SAAE<\/strong>\u00a0\u2013 Servi\u00e7o Municipal de \u00c1gua e Esgoto levou uma equipe composta por 9 servidores, fez 4 atendimentos de liga\u00e7\u00e3o de esgoto sanit\u00e1rio social, diversos atendimentos de instru\u00e7\u00e3o de liga\u00e7\u00e3o, ministrou palestra sobre atendimentos na autarquia, sistema de abastecimento de \u00e1gua e sua qualidade, como funciona o sistema de esgoto sanit\u00e1rio. A equipe esteve comprometida em tirar as d\u00favidas vindas da comunidade local e oferece uma s\u00e9rie de programas educativos sobre o uso consciente da \u00e1gua, cada um deles voltado a um p\u00fablico espec\u00edfico e todos realizados com o objetivo de evitar o desperd\u00edcio e promover a economia desse bem essencial, t\u00e3o valioso \u00e0 vida.<\/p>\n<p>A Secretaria de\u00a0<strong>Agricultura e Desenvolvimento<\/strong>\u00a0al\u00e9m de orientar os pequenos agricultores e a popula\u00e7\u00e3o em geral, disponibilizou 7 servidores e entregou 250 cestas verdes.<\/p>\n<p>O\u00a0<strong>coral Sou do Bem<\/strong>\u00a0da Casa da Sopa foi uma das atra\u00e7\u00f5es do evento. Apresentou-se para o p\u00fablico e cantou m\u00fasicas para alegrar ainda mais o ambiente, mostrando a cultura para os moradores do bairro. Com destaque para a m\u00fasica, Eu quero apenas, dos compositores Erasmo Carlos e Roberto Carlos. Que destaca&#8230; \u201cEu quero ter um milh\u00e3o de amigos&#8230;\u201d com o maestro John Colman.<\/p>\n<p>A\u00a0<strong>Procuradoria Jur\u00eddica<\/strong>\u00a0fez diversas orienta\u00e7\u00f5es e formalizou tr\u00eas assist\u00eancia judici\u00e1rias gratuitas \u00e0 comunidade durante os atendimentos do Meu Bairro \u00e9 Show no S\u00e3o Francisco, sendo um pedido de escritura de doa\u00e7\u00e3o, cancelamento de d\u00e9bitos e d\u00favidas acerca de cirurgia de alto risco.<\/p>\n<p>O\u00a0<strong>Detran\/MS<\/strong>\u00a0(Departamento Estadual de Tr\u00e2nsito de Mato Grosso do Sul) que objetiva formar condutores, fiscalizar e administrar o tr\u00e2nsito de ve\u00edculos fez 35 atendimentos no evento e tirou d\u00favidas da popula\u00e7\u00e3o referentes \u00e0 habilita\u00e7\u00e3o, consulta d\u00e9bitos de ve\u00edculos, licenciamento e sobre circula\u00e7\u00e3o de ve\u00edculos.<\/p>\n<p>O servi\u00e7o do\u00a0<strong>Posto de Identifica\u00e7\u00e3o da Pol\u00edcia Cient\u00edfica<\/strong>\u00a0da SEJUSP (Secretaria de Estado de Justi\u00e7a e Seguran\u00e7a P\u00fablica) fez 30 agendamentos de 1\u00aa via da c\u00e9dula de identidade e 30, de 2\u00aa via na parceria com a Assist\u00eancia Social. O atendimento programado est\u00e1 ocorrendo desde a segunda-feira (4) e se estende at\u00e9 o final da semana.<\/p>\n<p>Para prevenir e evitar acidentes dom\u00e9sticos nas cozinhas das resid\u00eancias, que podem trazer risco \u00e0 vida e \u00e0 integridade da popula\u00e7\u00e3o, o\u00a0<strong>Corpo de Bombeiros Militar de Costa Rica<\/strong>, 19\u00ba Grupamento ministrou palestra, recomendando medidas e protocolos para serem seguidos na utiliza\u00e7\u00e3o, armazenamento e conserva\u00e7\u00e3o de panelas de press\u00e3o, botij\u00f5es, mangueiras e reguladores de g\u00e1s. Casos envolvendo vazamentos de g\u00e1s ou explos\u00e3o provocada pelo uso incorreto da panela de press\u00e3o, exemplos de ocorr\u00eancias que podem amea\u00e7ar a seguran\u00e7a das fam\u00edlias.<\/div>\n<div class=\"ntc_cont_descricao_noticia sw_txteditor\"><img decoding=\"async\" src=\"https:\/\/www.costarica.ms.gov.br\/fotos\/6bad189a72cce271adf04434bdb197e0.jpg\" alt=\"Foto Noticia Principal Grande\" \/><\/p>\n<p>Clique\u00a0<a href=\"https:\/\/www.costarica.ms.gov.br\/portal\/0\/galeria-de-fotos\/2387\/meu-bairro-e-show\">aqui<\/a>\u00a0e acesse a galeria de fotos do evento.<\/p>\n<\/div>\n<div class=\"ntc_area_info_noticia sw_lato\">\n<div>\n<div class=\"ntc_info_noticia\"><strong class=\"sw_lato_black\">Fonte:<\/strong>Assessoria de Comunica\u00e7\u00e3o &#8211; PMCR, Silvestre de Castro<\/div>\n<\/div>\n<\/div>\n","protected":false},"excerpt":{"rendered":"<p>O Governo de Costa Rica em parceria com a C\u00e2mara de Vereadores e demais parceiros, disponibilizaram cerca de 20 servi\u00e7os p\u00fablicos durante a 2\u00aa edi\u00e7\u00e3o do \u201cMeu Bairro \u00e9 Show\u201d, realizado neste s\u00e1bado (2), em frente a ESF (Estrat\u00e9gia de Sa\u00fade da Fam\u00edlia), localizada no bairro S\u00e3o Francisco. Uma s\u00e9rie de trabalhos foram executados simultaneamente [&hellip;]<\/p>\n","protected":false},"author":5,"featured_media":211140,"comment_status":"closed","ping_status":"closed","sticky":false,"template":"","format":"standard","meta":{"footnotes":""},"categories":[25],"tags":[],"class_list":["post-211139","post","type-post","status-publish","format-standard","has-post-thumbnail","hentry","category-costa-rica"],"_links":{"self":[{"href":"https:\/\/www.ocorreionews.com.br\/acervo-correio\/index.php?rest_route=\/wp\/v2\/posts\/211139","targetHints":{"allow":["GET"]}}],"collection":[{"href":"https:\/\/www.ocorreionews.com.br\/acervo-correio\/index.php?rest_route=\/wp\/v2\/posts"}],"about":[{"href":"https:\/\/www.ocorreionews.com.br\/acervo-correio\/index.php?rest_route=\/wp\/v2\/types\/post"}],"author":[{"embeddable":true,"href":"https:\/\/www.ocorreionews.com.br\/acervo-correio\/index.php?rest_route=\/wp\/v2\/users\/5"}],"replies":[{"embeddable":true,"href":"https:\/\/www.ocorreionews.com.br\/acervo-correio\/index.php?rest_route=%2Fwp%2Fv2%2Fcomments&post=211139"}],"version-history":[{"count":1,"href":"https:\/\/www.ocorreionews.com.br\/acervo-correio\/index.php?rest_route=\/wp\/v2\/posts\/211139\/revisions"}],"predecessor-version":[{"id":211141,"href":"https:\/\/www.ocorreionews.com.br\/acervo-correio\/index.php?rest_route=\/wp\/v2\/posts\/211139\/revisions\/211141"}],"wp:featuredmedia":[{"embeddable":true,"href":"https:\/\/www.ocorreionews.com.br\/acervo-correio\/index.php?rest_route=\/wp\/v2\/media\/211140"}],"wp:attachment":[{"href":"https:\/\/www.ocorreionews.com.br\/acervo-correio\/index.php?rest_route=%2Fwp%2Fv2%2Fmedia&parent=211139"}],"wp:term":[{"taxonomy":"category","embeddable":true,"href":"https:\/\/www.ocorreionews.com.br\/acervo-correio\/index.php?rest_route=%2Fwp%2Fv2%2Fcategories&post=211139"},{"taxonomy":"post_tag","embeddable":true,"href":"https:\/\/www.ocorreionews.com.br\/acervo-correio\/index.php?rest_route=%2Fwp%2Fv2%2Ftags&post=211139"}],"curies":[{"name":"wp","href":"https:\/\/api.w.org\/{rel}","templated":true}]}}