{"id":21117,"date":"2016-02-22T10:18:03","date_gmt":"2016-02-22T14:18:03","guid":{"rendered":"https:\/\/ocorreionews.com.br\/?p=21117"},"modified":"2016-02-22T10:24:27","modified_gmt":"2016-02-22T14:24:27","slug":"joao-carlos-krug-confirma-que-e-pre-candidato-a-prefeito","status":"publish","type":"post","link":"https:\/\/www.ocorreionews.com.br\/acervo-correio\/?p=21117","title":{"rendered":"Jo\u00e3o Carlos Krug confirma que \u00e9 pr\u00e9-candidato a prefeito"},"content":{"rendered":"<p>Na manh\u00e3 dessa segunda-feira 22, o ex-prefeito Jo\u00e3o Carlos Krug, em contato com a nossa reportagem, confirmou que \u00e9 pr\u00e9-candidato a prefeito em Chapad\u00e3o do Sul.<\/p>\n<p>Atualmente Jo\u00e3o Carlos Krug, encontra-se filiado ao partido do PSDB e seu nome \u00e9 do agradado do governador Reinaldo Azambuja. Acontece, que h\u00e1 coment\u00e1rios na cidade, que existem dentro do Partido do PSDB, uma ala que quer lan\u00e7ar outro nome.<\/p>\n<p>Com rela\u00e7\u00e3o a esse boato, JCK, disse apenas que desconhece. Afirmou que nessa semana estar\u00e1 reunindo com o partido para definir a posi\u00e7\u00e3o. Krug afirmou, que quer o apoio de todos para a viabiliza\u00e7\u00e3o da candidatura.<\/p>\n<p>Sobre a possibilidade de realmente ter uma ala contr\u00e1ria, Jo\u00e3o Carlos, disse que j\u00e1 recebeu o convite de um outro partido, onde tem todo respaldo para sua candidatura e ele n\u00e3o descartou essa possibilidade, tendo em vista, que a Justi\u00e7a Eleitoral, determinou que o registro para filia\u00e7\u00e3o em outro partido, para quem foi candidato a cargo eletivo poder\u00e1 ser feito at\u00e9 16 de mar\u00e7o.<\/p>\n<p>Nesta semana, Krug disse que estar\u00e1 realizando algumas reuni\u00f5es, com lideran\u00e7as pol\u00edticas do munic\u00edpio, buscando fortalecer ainda mais a sua candidatura.<\/p>\n<p>\u201cO que posso afirmar \u00e9 que sou pr\u00e9-candidato a prefeito, n\u00e3o sei em qual partido, mas com certeza estarei novamente disputando a elei\u00e7\u00e3o municipal desse ano\u201d afirmou o ex-prefeito Jo\u00e3o Carlos Krug<\/p>\n","protected":false},"excerpt":{"rendered":"<p>Na manh\u00e3 dessa segunda-feira 22, o ex-prefeito Jo\u00e3o Carlos Krug, em contato com a nossa reportagem, confirmou que \u00e9 pr\u00e9-candidato a prefeito em Chapad\u00e3o do Sul. Atualmente Jo\u00e3o Carlos Krug, encontra-se filiado ao partido do PSDB e seu nome \u00e9 do agradado do governador Reinaldo Azambuja. Acontece, que h\u00e1 coment\u00e1rios na cidade, que existem dentro [&hellip;]<\/p>\n","protected":false},"author":4,"featured_media":21118,"comment_status":"closed","ping_status":"closed","sticky":false,"template":"","format":"standard","meta":{"footnotes":""},"categories":[23,37],"tags":[],"class_list":["post-21117","post","type-post","status-publish","format-standard","has-post-thumbnail","hentry","category-chapadao-do-sul","category-politica"],"_links":{"self":[{"href":"https:\/\/www.ocorreionews.com.br\/acervo-correio\/index.php?rest_route=\/wp\/v2\/posts\/21117","targetHints":{"allow":["GET"]}}],"collection":[{"href":"https:\/\/www.ocorreionews.com.br\/acervo-correio\/index.php?rest_route=\/wp\/v2\/posts"}],"about":[{"href":"https:\/\/www.ocorreionews.com.br\/acervo-correio\/index.php?rest_route=\/wp\/v2\/types\/post"}],"author":[{"embeddable":true,"href":"https:\/\/www.ocorreionews.com.br\/acervo-correio\/index.php?rest_route=\/wp\/v2\/users\/4"}],"replies":[{"embeddable":true,"href":"https:\/\/www.ocorreionews.com.br\/acervo-correio\/index.php?rest_route=%2Fwp%2Fv2%2Fcomments&post=21117"}],"version-history":[{"count":0,"href":"https:\/\/www.ocorreionews.com.br\/acervo-correio\/index.php?rest_route=\/wp\/v2\/posts\/21117\/revisions"}],"wp:featuredmedia":[{"embeddable":true,"href":"https:\/\/www.ocorreionews.com.br\/acervo-correio\/index.php?rest_route=\/wp\/v2\/media\/21118"}],"wp:attachment":[{"href":"https:\/\/www.ocorreionews.com.br\/acervo-correio\/index.php?rest_route=%2Fwp%2Fv2%2Fmedia&parent=21117"}],"wp:term":[{"taxonomy":"category","embeddable":true,"href":"https:\/\/www.ocorreionews.com.br\/acervo-correio\/index.php?rest_route=%2Fwp%2Fv2%2Fcategories&post=21117"},{"taxonomy":"post_tag","embeddable":true,"href":"https:\/\/www.ocorreionews.com.br\/acervo-correio\/index.php?rest_route=%2Fwp%2Fv2%2Ftags&post=21117"}],"curies":[{"name":"wp","href":"https:\/\/api.w.org\/{rel}","templated":true}]}}