{"id":211188,"date":"2022-07-06T18:12:49","date_gmt":"2022-07-06T22:12:49","guid":{"rendered":"https:\/\/www.ocorreionews.com.br\/acervo-correio\/?p=211188"},"modified":"2022-07-07T08:14:52","modified_gmt":"2022-07-07T12:14:52","slug":"fazenda-indaia-em-chapadao-do-sul-tem-antenas-e-monitores-de-gps-furtados-das-maquinas","status":"publish","type":"post","link":"https:\/\/www.ocorreionews.com.br\/acervo-correio\/?p=211188","title":{"rendered":"Fazenda Indai\u00e1 em Chapad\u00e3o do Sul tem antenas e monitores de GPS furtados das m\u00e1quinas"},"content":{"rendered":"<p>or volta do meio dia desta quarta-feira, 06 de julho, a Fazenda Indai\u00e1 I, da regi\u00e3o do Pouso Frio, no Munic\u00edpio de Chapad\u00e3o do Sul foi v\u00edtima de furto. Ladr\u00f5es aproveitaram o hor\u00e1rio do almo\u00e7o para invadir a fazenda e furtar aparelhos das m\u00e1quinas que estavam na lavoura.<\/p>\n<p>Segundo a dire\u00e7\u00e3o da fazenda foram levados monitores e antenas dos aparelhos GPS das m\u00e1quinas, enquanto os funcion\u00e1rios estavam ausentes para o almo\u00e7o, por um tempo de uma hora. O furto ocorreu em um talh\u00e3o ao lado da rodovia MS-425 onde estavam as m\u00e1quinas.<\/p>\n<p>A Pol\u00edcia Militar foi acionada para envio da Patrulha Rural \u00e0 fazenda e regi\u00e3o, na tentativa de localizar os ladr\u00f5es e o caso deve ser investigado pela Pol\u00edcia Civil de Chapad\u00e3o do Sul.<\/p>\n<p>Pede-se que qualquer informa\u00e7\u00e3o, ou suspeita dos ladr\u00f5es, de aparelhos sem origem legal, que seja denunciada, mesmo por anonimato para a pol\u00edcia. Pol\u00edcia Militar 190 ou Pol\u00edcia Civil (Chapad\u00e3o do Sul) (67) 3562-1210.<\/p>\n<p><em>Fonte: Jovemsulnews (Norbertino Angeli)<\/em><\/p>\n","protected":false},"excerpt":{"rendered":"<p>or volta do meio dia desta quarta-feira, 06 de julho, a Fazenda Indai\u00e1 I, da regi\u00e3o do Pouso Frio, no Munic\u00edpio de Chapad\u00e3o do Sul foi v\u00edtima de furto. Ladr\u00f5es aproveitaram o hor\u00e1rio do almo\u00e7o para invadir a fazenda e furtar aparelhos das m\u00e1quinas que estavam na lavoura. Segundo a dire\u00e7\u00e3o da fazenda foram levados [&hellip;]<\/p>\n","protected":false},"author":5,"featured_media":211189,"comment_status":"closed","ping_status":"closed","sticky":false,"template":"","format":"standard","meta":{"footnotes":""},"categories":[23,38],"tags":[],"class_list":["post-211188","post","type-post","status-publish","format-standard","has-post-thumbnail","hentry","category-chapadao-do-sul","category-policia"],"_links":{"self":[{"href":"https:\/\/www.ocorreionews.com.br\/acervo-correio\/index.php?rest_route=\/wp\/v2\/posts\/211188","targetHints":{"allow":["GET"]}}],"collection":[{"href":"https:\/\/www.ocorreionews.com.br\/acervo-correio\/index.php?rest_route=\/wp\/v2\/posts"}],"about":[{"href":"https:\/\/www.ocorreionews.com.br\/acervo-correio\/index.php?rest_route=\/wp\/v2\/types\/post"}],"author":[{"embeddable":true,"href":"https:\/\/www.ocorreionews.com.br\/acervo-correio\/index.php?rest_route=\/wp\/v2\/users\/5"}],"replies":[{"embeddable":true,"href":"https:\/\/www.ocorreionews.com.br\/acervo-correio\/index.php?rest_route=%2Fwp%2Fv2%2Fcomments&post=211188"}],"version-history":[{"count":1,"href":"https:\/\/www.ocorreionews.com.br\/acervo-correio\/index.php?rest_route=\/wp\/v2\/posts\/211188\/revisions"}],"predecessor-version":[{"id":211191,"href":"https:\/\/www.ocorreionews.com.br\/acervo-correio\/index.php?rest_route=\/wp\/v2\/posts\/211188\/revisions\/211191"}],"wp:featuredmedia":[{"embeddable":true,"href":"https:\/\/www.ocorreionews.com.br\/acervo-correio\/index.php?rest_route=\/wp\/v2\/media\/211189"}],"wp:attachment":[{"href":"https:\/\/www.ocorreionews.com.br\/acervo-correio\/index.php?rest_route=%2Fwp%2Fv2%2Fmedia&parent=211188"}],"wp:term":[{"taxonomy":"category","embeddable":true,"href":"https:\/\/www.ocorreionews.com.br\/acervo-correio\/index.php?rest_route=%2Fwp%2Fv2%2Fcategories&post=211188"},{"taxonomy":"post_tag","embeddable":true,"href":"https:\/\/www.ocorreionews.com.br\/acervo-correio\/index.php?rest_route=%2Fwp%2Fv2%2Ftags&post=211188"}],"curies":[{"name":"wp","href":"https:\/\/api.w.org\/{rel}","templated":true}]}}