{"id":21121,"date":"2016-02-22T10:33:31","date_gmt":"2016-02-22T14:33:31","guid":{"rendered":"https:\/\/ocorreionews.com.br\/?p=21121"},"modified":"2016-02-22T13:31:57","modified_gmt":"2016-02-22T17:31:57","slug":"vereadores-marcos-navarini-e-donivani-martins-prestigiam-posse-da-diretoria-da-amesgo","status":"publish","type":"post","link":"https:\/\/www.ocorreionews.com.br\/acervo-correio\/?p=21121","title":{"rendered":"Vereadores Marcos Navarini e Donivani Martins, prestigiam posse da diretoria da AMESGO."},"content":{"rendered":"<p style=\"text-align: justify;\">Na sexta feira, dia 19 de fevereiro\/16, o vereador Donivani Martins (PMDB) e o Presidente do Legislativo Marcos Navarini, estiveram em Serran\u00f3polis na solenidade de posse da diretoria da AMESGO (Associa\u00e7\u00e3o dos Munic\u00edpios do Extremo Sudoeste Goiano), para o mandato at\u00e9 31 de janeiro de 2017.<\/p>\n<p style=\"text-align: justify;\">Durante a solenidade de posse da nova diretoria o ex-presidente Adivair Gon\u00e7alves (Prefeito de Lagoa Santa), respons\u00e1vel pela AMESGO em 2015, fez uma explana\u00e7\u00e3o sobre as atividades e melhorias feitas durante sua gest\u00e3o e desejou sucesso ao novo presidente o Sr. Sidinei Pinheiro (Prefeito de Serran\u00f3polis).<\/p>\n<p style=\"text-align: justify;\">O Presidente da C\u00e2mara de Chapad\u00e3o do C\u00e9u, Marcos Navarini, falou sobre a import\u00e2ncia da AMESGO para os pacientes que realizam tratamento de sa\u00fade em Goi\u00e2nia.<\/p>\n<p style=\"text-align: justify;\">\u201cEsta Casa de Apoio oferece oportunidade as pessoas que est\u00e3o em tratamento de sa\u00fade na capital ter um local para pernoitar e fazer suas refei\u00e7\u00f5es tenho certeza que o Prefeito Sidinei de Serran\u00f3polis ir\u00e1 fazer um \u00f3timo trabalho, pois sabe das dificuldades que os pacientes que moram longe de Goi\u00e2nia como \u00e9 o caso de Serran\u00f3polis e Chapad\u00e3o do C\u00e9u enfrentam diariamente. Visitamos a AMESGO em 2015 cobramos melhorias e estamos atentos \u00e0s condi\u00e7\u00f5es desta Casa de Apoio que recebe nossos pacientes.\u201d Finalizou.<\/p>\n<p style=\"text-align: justify;\">Para o Vereador Donivani Martins a AMESGO cumpre um papel importante em seus atendimentos, por\u00e9m precisa de melhorias para atender aos pacientes.<\/p>\n<p style=\"text-align: justify;\">\u201cNo ano passado (2015), estive juntamente com o Presidente Marcos Navarini visitando a sede da AMESGO e detectamos v\u00e1rios pontos que precisavam ser melhorados, acredito que o Presidente Sidinei ir\u00e1 tomar as provid\u00eancias necess\u00e1rias para atender com dignidade e respeito os nossos pacientes que precisam desta casa de apoio, pe\u00e7o \u00e0 popula\u00e7\u00e3o que nos mantenha informados sobre os atendimentos, pois o munic\u00edpio mant\u00e9m este conv\u00eanio e queremos que nossa popula\u00e7\u00e3o seja bem atendida.\u201d Disse Donivani.<\/p>\n<p style=\"text-align: justify;\">A AMESGO atende mensalmente cerca de 2700 pacientes dos munic\u00edpios de Aparecida do Rio Doce, Apor\u00e9, Cachoeira Alta, Ca\u00e7u, Itaj\u00e1, Lagoa Santa, Portel\u00e2ndia, Quirin\u00f3polis, Rio Verde, S\u00e3o Sim\u00e3o, Santa Rita do Araguaia, Serran\u00f3polis e Chapad\u00e3o do C\u00e9u, fornecendo refei\u00e7\u00f5es, pernoites, transporte e encaminhamento m\u00e9dico na capital Goi\u00e2nia.<\/p>\n<p style=\"text-align: justify;\">Para a realiza\u00e7\u00e3o destes servi\u00e7os a estrutura \u00e9 composta por 4 motoristas, 3 atendentes, 2 cozinheiras, 2 servi\u00e7os gerais e 2 plantonistas. A casa de apoio \u00e9 mantida atrav\u00e9s de conv\u00eanio com os munic\u00edpios.<\/p>\n<p style=\"text-align: justify;\">Composi\u00e7\u00e3o da nova Diretoria Executiva<\/p>\n<p style=\"text-align: justify;\">Presidente \u2013 Sidinei Pinheiro (Prefeito de Serran\u00f3polis)<\/p>\n<p style=\"text-align: justify;\">Vice-Presidente \u2013 Ilton Justino de Souza (Prefeito de Aparecida do Rio Doce)<\/p>\n<p style=\"text-align: justify;\">2\u00ba Vice Pres. \u2013 Luciano Le\u00e3o (Prefeito de Itaj\u00e1)<\/p>\n<p style=\"text-align: justify;\">Tesoureiro \u2013 Adivair Gon\u00e7alves Macedo (Prefeito de Lagoa Santa)<\/p>\n<p style=\"text-align: justify;\">Assecom C\u00e2mara Municipal<\/p>\n","protected":false},"excerpt":{"rendered":"<p>Na sexta feira, dia 19 de fevereiro\/16, o vereador Donivani Martins (PMDB) e o Presidente do Legislativo Marcos Navarini, estiveram em Serran\u00f3polis na solenidade de posse da diretoria da AMESGO (Associa\u00e7\u00e3o dos Munic\u00edpios do Extremo Sudoeste Goiano), para o mandato at\u00e9 31 de janeiro de 2017. Durante a solenidade de posse da nova diretoria o [&hellip;]<\/p>\n","protected":false},"author":4,"featured_media":21122,"comment_status":"closed","ping_status":"closed","sticky":false,"template":"","format":"standard","meta":{"footnotes":""},"categories":[22],"tags":[],"class_list":["post-21121","post","type-post","status-publish","format-standard","has-post-thumbnail","hentry","category-chapadao-do-ceu"],"_links":{"self":[{"href":"https:\/\/www.ocorreionews.com.br\/acervo-correio\/index.php?rest_route=\/wp\/v2\/posts\/21121","targetHints":{"allow":["GET"]}}],"collection":[{"href":"https:\/\/www.ocorreionews.com.br\/acervo-correio\/index.php?rest_route=\/wp\/v2\/posts"}],"about":[{"href":"https:\/\/www.ocorreionews.com.br\/acervo-correio\/index.php?rest_route=\/wp\/v2\/types\/post"}],"author":[{"embeddable":true,"href":"https:\/\/www.ocorreionews.com.br\/acervo-correio\/index.php?rest_route=\/wp\/v2\/users\/4"}],"replies":[{"embeddable":true,"href":"https:\/\/www.ocorreionews.com.br\/acervo-correio\/index.php?rest_route=%2Fwp%2Fv2%2Fcomments&post=21121"}],"version-history":[{"count":0,"href":"https:\/\/www.ocorreionews.com.br\/acervo-correio\/index.php?rest_route=\/wp\/v2\/posts\/21121\/revisions"}],"wp:featuredmedia":[{"embeddable":true,"href":"https:\/\/www.ocorreionews.com.br\/acervo-correio\/index.php?rest_route=\/wp\/v2\/media\/21122"}],"wp:attachment":[{"href":"https:\/\/www.ocorreionews.com.br\/acervo-correio\/index.php?rest_route=%2Fwp%2Fv2%2Fmedia&parent=21121"}],"wp:term":[{"taxonomy":"category","embeddable":true,"href":"https:\/\/www.ocorreionews.com.br\/acervo-correio\/index.php?rest_route=%2Fwp%2Fv2%2Fcategories&post=21121"},{"taxonomy":"post_tag","embeddable":true,"href":"https:\/\/www.ocorreionews.com.br\/acervo-correio\/index.php?rest_route=%2Fwp%2Fv2%2Ftags&post=21121"}],"curies":[{"name":"wp","href":"https:\/\/api.w.org\/{rel}","templated":true}]}}