{"id":21124,"date":"2016-02-22T11:02:25","date_gmt":"2016-02-22T15:02:25","guid":{"rendered":"https:\/\/ocorreionews.com.br\/?p=21124"},"modified":"2016-02-22T11:02:25","modified_gmt":"2016-02-22T15:02:25","slug":"demutran-busca-recursos-para-implantacao-de-ciclovia-em-chapadao-do-sul","status":"publish","type":"post","link":"https:\/\/www.ocorreionews.com.br\/acervo-correio\/?p=21124","title":{"rendered":"DEMUTRAN busca recursos para implanta\u00e7\u00e3o de ciclovia em Chapad\u00e3o do Sul"},"content":{"rendered":"<p>O Departamento Municipal de Tr\u00e2nsito \u2013 DEMUTRAN est\u00e1 buscando recursos para a implanta\u00e7\u00e3o de ciclovia no centro de Chapad\u00e3o do Sul, o que deve promover uma grande transforma\u00e7\u00e3o no transporte p\u00fablico da cidade.<\/p>\n<p>Na semana passada, o Diretor do DEMUTRAN, Jos\u00e9 Vicente Freitas estive em Bras\u00edlia discutindo o projeto e buscando a sua viabilidade.<\/p>\n<p>Na quarta-feira, uma reuni\u00e3o aconteceu no Mist\u00e9rio das Cidades para apresenta\u00e7\u00e3o do Projeto Piloto, e na quinta-feira, as lideran\u00e7as do munic\u00edpio estiveram no Gabinete da Senadora Simone Tebet, que destinar\u00e1 emenda para as obras de melhoria de infraestrutura urbana no munic\u00edpio.<\/p>\n<p>\u201cA Senadora Simone \u00e9 uma grande parceria de Chapad\u00e3o do Sul que incluiu emenda no or\u00e7amento, via Minist\u00e9rio das Cidades, para que possamos realizar essa ciclovia. Quero agradecer a aten\u00e7\u00e3o do Luiz Carlos e da Iara, no gabinete da Senadora, e tamb\u00e9m o gerente de Projetos do Minist\u00e9rio das Cidades, Chagas, al\u00e9m da Marta e D\u00e1rio, secret\u00e1rios executivos\u201d, afirmou o Diretor do DEMUTRAN, Jos\u00e9 Vicente.<\/p>\n<p>O projeto piloto prev\u00ea a constru\u00e7\u00e3o da ciclovia e melhorias nas rotat\u00f3rias no trecho de 3.025 metros, come\u00e7ando na Avenida Onze (Rua Vinte e Oito) passando pela Mato Grosso do Sul at\u00e9 a Avenida Tocantins. A previs\u00e3o de investimento \u00e9 de aproximadamente R$ 330 mil.<\/p>\n<p>&nbsp;<\/p>\n<p>&nbsp;<\/p>\n<p>Assessoria<\/p>\n","protected":false},"excerpt":{"rendered":"<p>O Departamento Municipal de Tr\u00e2nsito \u2013 DEMUTRAN est\u00e1 buscando recursos para a implanta\u00e7\u00e3o de ciclovia no centro de Chapad\u00e3o do Sul, o que deve promover uma grande transforma\u00e7\u00e3o no transporte p\u00fablico da cidade. Na semana passada, o Diretor do DEMUTRAN, Jos\u00e9 Vicente Freitas estive em Bras\u00edlia discutindo o projeto e buscando a sua viabilidade. Na [&hellip;]<\/p>\n","protected":false},"author":4,"featured_media":21125,"comment_status":"closed","ping_status":"closed","sticky":false,"template":"","format":"standard","meta":{"footnotes":""},"categories":[23],"tags":[],"class_list":["post-21124","post","type-post","status-publish","format-standard","has-post-thumbnail","hentry","category-chapadao-do-sul"],"_links":{"self":[{"href":"https:\/\/www.ocorreionews.com.br\/acervo-correio\/index.php?rest_route=\/wp\/v2\/posts\/21124","targetHints":{"allow":["GET"]}}],"collection":[{"href":"https:\/\/www.ocorreionews.com.br\/acervo-correio\/index.php?rest_route=\/wp\/v2\/posts"}],"about":[{"href":"https:\/\/www.ocorreionews.com.br\/acervo-correio\/index.php?rest_route=\/wp\/v2\/types\/post"}],"author":[{"embeddable":true,"href":"https:\/\/www.ocorreionews.com.br\/acervo-correio\/index.php?rest_route=\/wp\/v2\/users\/4"}],"replies":[{"embeddable":true,"href":"https:\/\/www.ocorreionews.com.br\/acervo-correio\/index.php?rest_route=%2Fwp%2Fv2%2Fcomments&post=21124"}],"version-history":[{"count":0,"href":"https:\/\/www.ocorreionews.com.br\/acervo-correio\/index.php?rest_route=\/wp\/v2\/posts\/21124\/revisions"}],"wp:featuredmedia":[{"embeddable":true,"href":"https:\/\/www.ocorreionews.com.br\/acervo-correio\/index.php?rest_route=\/wp\/v2\/media\/21125"}],"wp:attachment":[{"href":"https:\/\/www.ocorreionews.com.br\/acervo-correio\/index.php?rest_route=%2Fwp%2Fv2%2Fmedia&parent=21124"}],"wp:term":[{"taxonomy":"category","embeddable":true,"href":"https:\/\/www.ocorreionews.com.br\/acervo-correio\/index.php?rest_route=%2Fwp%2Fv2%2Fcategories&post=21124"},{"taxonomy":"post_tag","embeddable":true,"href":"https:\/\/www.ocorreionews.com.br\/acervo-correio\/index.php?rest_route=%2Fwp%2Fv2%2Ftags&post=21124"}],"curies":[{"name":"wp","href":"https:\/\/api.w.org\/{rel}","templated":true}]}}