{"id":21128,"date":"2016-02-22T13:34:40","date_gmt":"2016-02-22T17:34:40","guid":{"rendered":"https:\/\/ocorreionews.com.br\/?p=21128"},"modified":"2016-02-22T13:34:40","modified_gmt":"2016-02-22T17:34:40","slug":"paraiso-pane-eletrica-em-fritadeira-causa-incendio-na-cozinha-do-tubarao","status":"publish","type":"post","link":"https:\/\/www.ocorreionews.com.br\/acervo-correio\/?p=21128","title":{"rendered":"Para\u00edso: pane el\u00e9trica em fritadeira causa inc\u00eandio na cozinha do Tubar\u00e3o"},"content":{"rendered":"<p><span style=\"font-family: helvetica; font-size: small;\">Na noite deste s\u00e1bado(20), por volta das 20h30, no pen\u00faltimo dia de funcionamento do\u00a0pesque pague e pesque solte Tubar\u00e3o, um incidente causou susto a todos que estavam no local. Acredita-se que uma\u00a0pane no sistema el\u00e9trico causou inc\u00eandio nas fritadeiras el\u00e9tricas, causando um inc\u00eandio de grande propor\u00e7\u00e3o na cozinha do pesque pague e pesque solte Tubar\u00e3o.<\/span><span style=\"font-family: helvetica; font-size: small;\">Na hora chovia fraco e\u00a0relampeava.<\/span><\/p>\n<div>\n<div><span style=\"font-family: helvetica; font-size: small;\">\u00a0<\/span><\/div>\n<div><span style=\"font-family: helvetica; font-size: small;\">O propriet\u00e1rio do estabelecimento Calzaimar Alves Azeredo Caires Maia, havia desligado recentemente as fritadeiras e alguns minutos depois percebeu uma fuma\u00e7a que partia da mesma, quando foi verificar o que estava havendo, uma forte chama j\u00e1 cobria a cozinha. Foi usado os extintores contra inc\u00eandio que havia no local e ainda dos ve\u00edculos de alguns clientes, mesmo assim, o fogo tomou uma grande propor\u00e7\u00e3o causando um grande susto e danos.<\/span><\/div>\n<div><span style=\"font-family: helvetica; font-size: small;\">\u00a0<\/span><\/div>\n<div><span style=\"font-family: helvetica; font-size: small;\">Os clientes que estavam no local ficaram assutados com a forte fuma\u00e7a que cobriu o local. Como estavam em uma \u00e1rea aberta, houve a r\u00e1pida evacua\u00e7\u00e3o de todos e alguns deles ajudaram no combate ao inc\u00eandio.<\/span><\/div>\n<div><span style=\"font-family: helvetica; font-size: small;\">\u00a0<\/span><\/div>\n<div><span style=\"font-family: helvetica; font-size: small;\">A tamb\u00e9m propriet\u00e1ria do Tubar\u00e3o, Flavini Rodrigues de Brito, estava no quarto de sua resid\u00eancia que \u00e9 em anexo \u00e0 cozinha do pesqueiro, com seu beb\u00ea rec\u00e9m-nascido, com apenas tr\u00eas dias. Ela foi retirada \u00e0s pressas em meio \u00e0 fuma\u00e7a, por sorte n\u00e3o houve a inala\u00e7\u00e3o da fuma\u00e7a.<\/span><\/div>\n<div><span style=\"font-family: helvetica; font-size: small;\">\u00a0<\/span><\/div>\n<div><span style=\"font-family: helvetica; font-size: small;\">O propriet\u00e1rio, seu pai e mais duas pessoas de sua fam\u00edlia que o ajudava no combate ao inc\u00eandio, recebeu assist\u00eancia m\u00e9dica e foram encaminhados \u00e0 Funda\u00e7\u00e3o Hospitalar de Costa Rica. Todos receberam alta no mesmo dia e passam bem.<\/span><\/div>\n<div><span style=\"font-family: helvetica; font-size: small;\"><img decoding=\"async\" src=\"http:\/\/i.imgur.com\/OuErKMp.jpg\" alt=\"\" width=\"450\" \/><\/span><\/div>\n<div><span style=\"font-family: helvetica; font-size: small;\"><img decoding=\"async\" src=\"http:\/\/i.imgur.com\/pBVdP7c.jpg\" alt=\"\" width=\"450\" \/><\/span><\/div>\n<div><span style=\"font-family: helvetica; font-size: small;\"><img decoding=\"async\" src=\"http:\/\/i.imgur.com\/56Lg3uO.jpg\" alt=\"\" width=\"450\" \/><\/span><\/div>\n<div><span style=\"font-family: helvetica; font-size: small;\">Al\u00e9m dos danos nas fritadeiras, no forro que era de PVC anti-inc\u00eandio com manta t\u00e9rmica, houve tamb\u00e9m danos em freezer, geladeira, embalagens, vazilhas, nas por\u00e7\u00f5es que estavam prontas para serem servidas e outros itens. Calcula-se que o preju\u00edzo tenha sido superior \u00e0 R$ 20 mil.<\/span><\/div>\n<div><span style=\"font-family: helvetica; font-size: small;\">\u00a0<\/span><\/div>\n<div><span style=\"font-family: helvetica; font-size: small;\">O estabelecimento possu\u00eda os alvar\u00e1s de funcionamento regular. O \u00faltimo dia do funcionamento do Tubar\u00e3o seria no domingo(21), s\u00f3 que com o incidente n\u00e3o houve atendimento neste dia.<\/span><\/div>\n<div><span style=\"font-family: helvetica; font-size: small;\">\u00a0<\/span><\/div>\n<div><span style=\"font-family: helvetica; font-size: small;\">A dire\u00e7\u00e3o do Tubar\u00e3o lamentou profundamente o incidente e esperava para o \u00faltimo dia de funcionamento, um grande n\u00famero de pessoas.<i> &#8220;Um\u00a0preju\u00edzo financeiro e emocional muito grande. Mas agradecemos muito \u00e0 Deus pelo livramento e a todos os nossos cliente que ajudaram no combate ao inc\u00eandio e \u00e0 todos que apoiaram nosso trabalho durante estes quatro meses de atua\u00e7\u00e3o. Nos despedimos de todos com muita tristeza e ao mesmo tempo com muita gratid\u00e3o a todos&#8221;<\/i>, enfatizou os propriet\u00e1rios Flavini e Calzaimar.\u00a0<\/span><\/div>\n<div><span style=\"font-family: helvetica; font-size: small;\">\u00a0<\/span><\/div>\n<\/div>\n","protected":false},"excerpt":{"rendered":"<p>Na noite deste s\u00e1bado(20), por volta das 20h30, no pen\u00faltimo dia de funcionamento do\u00a0pesque pague e pesque solte Tubar\u00e3o, um incidente causou susto a todos que estavam no local. Acredita-se que uma\u00a0pane no sistema el\u00e9trico causou inc\u00eandio nas fritadeiras el\u00e9tricas, causando um inc\u00eandio de grande propor\u00e7\u00e3o na cozinha do pesque pague e pesque solte Tubar\u00e3o.Na [&hellip;]<\/p>\n","protected":false},"author":4,"featured_media":21129,"comment_status":"closed","ping_status":"closed","sticky":false,"template":"","format":"standard","meta":{"footnotes":""},"categories":[36],"tags":[],"class_list":["post-21128","post","type-post","status-publish","format-standard","has-post-thumbnail","hentry","category-paraiso-das-aguas"],"_links":{"self":[{"href":"https:\/\/www.ocorreionews.com.br\/acervo-correio\/index.php?rest_route=\/wp\/v2\/posts\/21128","targetHints":{"allow":["GET"]}}],"collection":[{"href":"https:\/\/www.ocorreionews.com.br\/acervo-correio\/index.php?rest_route=\/wp\/v2\/posts"}],"about":[{"href":"https:\/\/www.ocorreionews.com.br\/acervo-correio\/index.php?rest_route=\/wp\/v2\/types\/post"}],"author":[{"embeddable":true,"href":"https:\/\/www.ocorreionews.com.br\/acervo-correio\/index.php?rest_route=\/wp\/v2\/users\/4"}],"replies":[{"embeddable":true,"href":"https:\/\/www.ocorreionews.com.br\/acervo-correio\/index.php?rest_route=%2Fwp%2Fv2%2Fcomments&post=21128"}],"version-history":[{"count":0,"href":"https:\/\/www.ocorreionews.com.br\/acervo-correio\/index.php?rest_route=\/wp\/v2\/posts\/21128\/revisions"}],"wp:featuredmedia":[{"embeddable":true,"href":"https:\/\/www.ocorreionews.com.br\/acervo-correio\/index.php?rest_route=\/wp\/v2\/media\/21129"}],"wp:attachment":[{"href":"https:\/\/www.ocorreionews.com.br\/acervo-correio\/index.php?rest_route=%2Fwp%2Fv2%2Fmedia&parent=21128"}],"wp:term":[{"taxonomy":"category","embeddable":true,"href":"https:\/\/www.ocorreionews.com.br\/acervo-correio\/index.php?rest_route=%2Fwp%2Fv2%2Fcategories&post=21128"},{"taxonomy":"post_tag","embeddable":true,"href":"https:\/\/www.ocorreionews.com.br\/acervo-correio\/index.php?rest_route=%2Fwp%2Fv2%2Ftags&post=21128"}],"curies":[{"name":"wp","href":"https:\/\/api.w.org\/{rel}","templated":true}]}}