{"id":21131,"date":"2016-02-22T15:20:53","date_gmt":"2016-02-22T19:20:53","guid":{"rendered":"https:\/\/ocorreionews.com.br\/?p=21131"},"modified":"2016-02-22T15:20:53","modified_gmt":"2016-02-22T19:20:53","slug":"familia-de-idoso-que-morreu-por-falta-de-vaga-em-ms-pede-explicacoes","status":"publish","type":"post","link":"https:\/\/www.ocorreionews.com.br\/acervo-correio\/?p=21131","title":{"rendered":"Fam\u00edlia de idoso que morreu por falta de vaga em MS pede explica\u00e7\u00f5es"},"content":{"rendered":"<p>A fam\u00edlia do idoso Sebasti\u00e3o Nogueira da Silva, de 62 anos, quer explica\u00e7\u00f5es do que aconteceu para demorar a abrir uma vaga no Hospital Universit\u00e1rio de Campo Grande. A <a href=\"http:\/\/g1.globo.com\/mato-grosso-do-sul\/noticia\/2016\/02\/regulacao-autorizou-transferencia-de-idoso-mesmo-apos-hu-negar-vaga.html\">Central de Regula\u00e7\u00e3o teria autorizado a transfer\u00eancia<\/a> de Costa Rica para a capital de Mato Grosso do Sul, mas o paciente n\u00e3o resistiu \u00e0 espera de cerca de oito horas dentro da ambul\u00e2ncia.<\/p>\n<p>O Hospital Universit\u00e1rio disse que informou \u00e0 Secretaria Municipal de Sa\u00fade que n\u00e3o havia vagas dispon\u00edveis, porque todos os respiradores estavam sendo usados em outros pacientes. J\u00e1 a prefeitura de Costa Rica, por meio de nota, disse que a Central de Regula\u00e7\u00e3o de vagas teria liberado uma senha e autorizado a transfer\u00eancia de Sebasti\u00e3o para o HU.<\/p>\n<p>\u201cTem que tomar as provid\u00eancias e saber o por que eles n\u00e3o quiseram atender. Se realmente n\u00e3o tinha vaga\u201d, disse o cunhado da v\u00edtima, Ramon Centuri\u00e3o.<\/p>\n<p>O filho Wesley da Silva contou que os funcion\u00e1rios orientavam ele a procurar outro hospital porque n\u00e3o havia vaga na Unidade de Terapia Intensiva (UTI) no HU. \u201cMandava a todo momento a gente procurar outra unidade porque l\u00e1 n\u00e3o seria atendido e que era para a gente comprar leito\u201d, afirmou o filho da v\u00edtima.<\/p>\n<p>A irm\u00e3 de Sebasti\u00e3o diz acreditar que ele poderia ter sobrevivido se tivesse sido atendido assim que chegou ao hospital. \u201cSe ele tivesse sido atendido na hora que ele chegou, talvez n\u00e3o tivesse acontecido isso. Ele estava ali entubado, medicado, mas estava dentro de uma ambul\u00e2ncia, viajou muito e ficou muitas horas parado ali\u201d, contou Moralina Centuri\u00e3o.<\/p>\n<div class=\"saibamais componente_materia\">O hospital mostrou \u00e0 fam\u00edlia o documento negando o pedido da Secretaria Municipal de Sa\u00fade para transferir o paciente que estava a 338 quil\u00f4metros de dist\u00e2ncia. Mas a fam\u00edlia tinha o mesmo documento, emitido poucos minutos depois, autorizando a mudan\u00e7a de unidade de Sa\u00fade.<\/div>\n<p>Por causa da confus\u00e3o, a pol\u00edcia foi acionada. \u201cA equipe da Pol\u00edcia Civil foi aferir a eventual situa\u00e7\u00e3o omiss\u00e3o de socorro. A equipe foi in loco, momento em que de pronto foi arrumada a vaga para interna\u00e7\u00e3o do paciente\u201d, afirmou o delegado Hoffman D\u2019\u00c1villa.<\/p>\n<p>O idoso tinha c\u00e2ncer no sangue e passou mal na manh\u00e3 de domingo (21). Segundo a fam\u00edlia, o pedreiro precisava ser internado por causa de uma insufici\u00eancia respirat\u00f3ria. Ele n\u00e3o resistiu \u00e0 espera e morreu na madrugada desta segunda-feira (22). O enterro de Ti\u00e3o Pipoca, como era conhecido na cidade, ser\u00e1 na manh\u00e3 de ter\u00e7a-feira (23) em Costa Rica.<\/p>\n<p><strong>Pedido<\/strong><br \/>\n\u00c0s 9h30 de domingo foi feito o pedido de vaga \u00e0 Central de Regula\u00e7\u00e3o. \u00c0s 10h48 saiu o n\u00famero da senha e \u00e0s 11h a resposta: a transfer\u00eancia n\u00e3o foi autorizada, mas, mesmo assim, o paciente foi transferido por estar em situa\u00e7\u00e3o de vaga zero.<\/p>\n<p>Um outro documento entregue para a fam\u00edlia do paciente mostra que a transfer\u00eancia de Costa Rica para Campo Grande foi autorizada para central de regula\u00e7\u00e3o de Mato Grosso do Sul \u00e0s 11h16 (de MS) de domingo (21).<\/p>\n<p>O paciente morreu na madrugada de segunda-feira (22), no Hospital Regional, para onde foi transferido ap\u00f3s ficar oito horas dentro de uma ambul\u00e2ncia em frente ao HU \u00e0 espera de vaga em UTI.<\/p>\n<p>Segundo informa\u00e7\u00f5es da fam\u00edlia da v\u00edtima, Sebasti\u00e3o Nogueira da Silva, de 62 anos, precisava de interna\u00e7\u00e3o por conta de uma insufici\u00eancia respirat\u00f3ria aguda.<\/p>\n<p>&nbsp;<\/p>\n<p>&nbsp;<\/p>\n<p>G1 MS &#8211; Confira o v\u00eddeo da reportagem <a href=\"http:\/\/g1.globo.com\/mato-grosso-do-sul\/noticia\/2016\/02\/familia-de-idoso-que-morreu-por-falta-de-vaga-em-ms-pede-explicacoes.html\">aqui<\/a>.<\/p>\n","protected":false},"excerpt":{"rendered":"<p>A fam\u00edlia do idoso Sebasti\u00e3o Nogueira da Silva, de 62 anos, quer explica\u00e7\u00f5es do que aconteceu para demorar a abrir uma vaga no Hospital Universit\u00e1rio de Campo Grande. A Central de Regula\u00e7\u00e3o teria autorizado a transfer\u00eancia de Costa Rica para a capital de Mato Grosso do Sul, mas o paciente n\u00e3o resistiu \u00e0 espera de [&hellip;]<\/p>\n","protected":false},"author":4,"featured_media":21132,"comment_status":"closed","ping_status":"closed","sticky":false,"template":"","format":"standard","meta":{"footnotes":""},"categories":[25,38],"tags":[],"class_list":["post-21131","post","type-post","status-publish","format-standard","has-post-thumbnail","hentry","category-costa-rica","category-policia"],"_links":{"self":[{"href":"https:\/\/www.ocorreionews.com.br\/acervo-correio\/index.php?rest_route=\/wp\/v2\/posts\/21131","targetHints":{"allow":["GET"]}}],"collection":[{"href":"https:\/\/www.ocorreionews.com.br\/acervo-correio\/index.php?rest_route=\/wp\/v2\/posts"}],"about":[{"href":"https:\/\/www.ocorreionews.com.br\/acervo-correio\/index.php?rest_route=\/wp\/v2\/types\/post"}],"author":[{"embeddable":true,"href":"https:\/\/www.ocorreionews.com.br\/acervo-correio\/index.php?rest_route=\/wp\/v2\/users\/4"}],"replies":[{"embeddable":true,"href":"https:\/\/www.ocorreionews.com.br\/acervo-correio\/index.php?rest_route=%2Fwp%2Fv2%2Fcomments&post=21131"}],"version-history":[{"count":0,"href":"https:\/\/www.ocorreionews.com.br\/acervo-correio\/index.php?rest_route=\/wp\/v2\/posts\/21131\/revisions"}],"wp:featuredmedia":[{"embeddable":true,"href":"https:\/\/www.ocorreionews.com.br\/acervo-correio\/index.php?rest_route=\/wp\/v2\/media\/21132"}],"wp:attachment":[{"href":"https:\/\/www.ocorreionews.com.br\/acervo-correio\/index.php?rest_route=%2Fwp%2Fv2%2Fmedia&parent=21131"}],"wp:term":[{"taxonomy":"category","embeddable":true,"href":"https:\/\/www.ocorreionews.com.br\/acervo-correio\/index.php?rest_route=%2Fwp%2Fv2%2Fcategories&post=21131"},{"taxonomy":"post_tag","embeddable":true,"href":"https:\/\/www.ocorreionews.com.br\/acervo-correio\/index.php?rest_route=%2Fwp%2Fv2%2Ftags&post=21131"}],"curies":[{"name":"wp","href":"https:\/\/api.w.org\/{rel}","templated":true}]}}