{"id":21134,"date":"2016-02-22T16:08:47","date_gmt":"2016-02-22T20:08:47","guid":{"rendered":"https:\/\/ocorreionews.com.br\/?p=21134"},"modified":"2016-02-22T16:08:47","modified_gmt":"2016-02-22T20:08:47","slug":"chapadao-do-ceu-participa-ativamente-do-dia-nacional-de-mobilizacao-da-educacao-contra-o-zika","status":"publish","type":"post","link":"https:\/\/www.ocorreionews.com.br\/acervo-correio\/?p=21134","title":{"rendered":"Chapad\u00e3o do C\u00e9u participa ativamente do Dia Nacional de Mobiliza\u00e7\u00e3o da Educa\u00e7\u00e3o contra o Zika"},"content":{"rendered":"<p>A Secretaria Municipal de Educa\u00e7\u00e3o, de Chapad\u00e3o do C\u00e9u preparou e realizou uma grande mobiliza\u00e7\u00e3o de estudantes, na manh\u00e3 desta sexta-feira, 19 de fevereiro, para participa\u00e7\u00e3o ativa no Dia Nacional de Mobiliza\u00e7\u00e3o da Educa\u00e7\u00e3o contra o Zika.<\/p>\n<p>Os estudantes caminharam de suas escolas, da rede p\u00fablica e privada, at\u00e9 a Pra\u00e7a Filog\u00f4nio Garcia de Freitas, no centro da cidade, onde estavam as autoridades e um m\u00e9dico para falar sobre a import\u00e2ncia da erradica\u00e7\u00e3o do mosquito <em>aedes aegypiti<\/em>.<\/p>\n<p>Um mascote, lembrando o mosquito <em>aedes<\/em> circulava entre as crian\u00e7as e jovens estudantes e as autoridades lembraram os estudantes sobre as doen\u00e7as que o mosquito transmite: febre amarela, dengue, zica e Chikungunya.<\/p>\n<p>A Secret\u00e1ria Municipal de Educa\u00e7\u00e3o, Lea Rorihg Rigodanzo disse aos alunos que somos mais fortes que o mosquito e que todos juntos podemos erradica-lo.<\/p>\n<p>O Chefe do Controle de Vetores, da Secretaria Municipal de Sa\u00fade, Jo\u00e3o F\u00e9lix falou sobre o ciclo do mosquito e os meios de interromp\u00ea-lo, para o seu controle e erradica\u00e7\u00e3o.<\/p>\n<p>Segundo o Prefeito Rog\u00e9rio Pianezzola, o Graxa, Chapad\u00e3o do C\u00e9u \u00e9 a cidade de Goi\u00e1s com menor \u00edndice de infesta\u00e7\u00e3o do mosquito e nem por isso devemos nos acomodar. Alertou que esta \u00e9 uma \u00f3tima oportunidade para erradicarmos o inseto. Lembrou que \u00e9 importante mantermos a vigil\u00e2ncia permanentemente, pois a cidade recebe muitos imigrantes e existe uma rodovia que corta a cidade e pode ser um corredor para entrada do mosquito e de doen\u00e7as.<\/p>\n<p>O m\u00e9dico pediatra, Dr. Emmanoel Evangelos Haji Antoniou, que participou do movimento, lembrou \u00e0s crian\u00e7as dos graves sintomas das doen\u00e7as e as consequ\u00eancias \u00e0 sa\u00fade e os riscos de morte que elas representam. Ele lembrou ainda que o zika v\u00edrus afeta e pode matar at\u00e9 fetos.<\/p>\n<p>Segundo o Dr. Emmanoel, recentemente foi publicada uma not\u00edcia de que o mosquito <em>aedes aegypti<\/em> transmite ainda a doen\u00e7a <em>dirofilariose<\/em>, nos c\u00e3es e gatos, uma enfermidade que ataca o cora\u00e7\u00e3o dos animais. Trata-se de um parasita que se aloja e se desenvolve no cora\u00e7\u00e3o do animal, podendo lev\u00e1-lo at\u00e9 \u00e0 morte.<\/p>\n<p><a href=\"https:\/\/ocorreionews.com.br\/wp-content\/uploads\/2016\/02\/Mobiliza\u00e7\u00e3o-da-Educa\u00e7\u00e3o-contra-o-Zika.jpg\" rel=\"attachment wp-att-21136\"><img loading=\"lazy\" decoding=\"async\" class=\"size-medium wp-image-21136 alignleft\" src=\"https:\/\/ocorreionews.com.br\/wp-content\/uploads\/2016\/02\/Mobiliza\u00e7\u00e3o-da-Educa\u00e7\u00e3o-contra-o-Zika-300x225.jpg\" alt=\"Mobiliza\u00e7\u00e3o da Educa\u00e7\u00e3o contra o Zika\" width=\"300\" height=\"225\" srcset=\"https:\/\/www.ocorreionews.com.br\/acervo-correio\/wp-content\/uploads\/2016\/02\/Mobiliza\u00e7\u00e3o-da-Educa\u00e7\u00e3o-contra-o-Zika-300x225.jpg 300w, https:\/\/www.ocorreionews.com.br\/acervo-correio\/wp-content\/uploads\/2016\/02\/Mobiliza\u00e7\u00e3o-da-Educa\u00e7\u00e3o-contra-o-Zika-100x75.jpg 100w, https:\/\/www.ocorreionews.com.br\/acervo-correio\/wp-content\/uploads\/2016\/02\/Mobiliza\u00e7\u00e3o-da-Educa\u00e7\u00e3o-contra-o-Zika.jpg 600w\" sizes=\"auto, (max-width: 300px) 100vw, 300px\" \/><\/a><\/p>\n<p>Foi solicitado aos estudantes que sejam agentes multiplicadores da campanha de combate ao <em>aedes aegypti<\/em>. \u201cS\u00e3o 3.000 alunos e se cada um convencer mais duas pessoas sobre os cuidados para a n\u00e3o prolifera\u00e7\u00e3o do mosquito, certamente Chapad\u00e3o do C\u00e9u estar\u00e1 livre das graves doen\u00e7as que ele transmite\u201d, disse o Prefeito Rog\u00e9rio Graxa. \u201cSe o \u00edndice diminuir ou ser totalmente extintos, nos pr\u00f3ximos meses, vamos premiar cada estudante com um bombom, prometeu o Prefeito.<\/p>\n<p>O Secret\u00e1rio de Obras, Transporte e A\u00e7\u00e3o Urbana, Vicente Paulo Dias, o Rom\u00e1rio disse que a secretaria trabalha ativamente em parceria com a Sa\u00fade e Educa\u00e7\u00e3o, para limpar a cidade e colocou-se a disposi\u00e7\u00e3o para atender a chamados, sempre que algu\u00e9m solicitar.<\/p>\n<p>Ap\u00f3s a fala, as autoridades, coordenadores, professores e estudantes realizaram uma caminhada pelas avenidas e ruas do centro da cidade, com um carro de som acompanhando, para alertar toda a popula\u00e7\u00e3o sobre o movimento.<\/p>\n<p>Jo\u00e3o F\u00e9lix informou que durante toda a pr\u00f3xima semana o tema ser\u00e1 abordado com os alunos, em toda a rede municipal, estadual e particular de ensino. Neste momento est\u00e1 sendo realizado o repasse da segunda visita aos im\u00f3veis e a terceira visita ser\u00e1 realizada a partir do dia 1\u00ba de mar\u00e7o. Jo\u00e3o F\u00e9lix disse que ainda s\u00e3o encontrados focos na cidade, mas o \u00edndice j\u00e1 caiu sensivelmente.<\/p>\n<p><strong><a href=\"http:\/\/www.chapadaodoceu.go.gov.br\/galeria-de-fotos\/2016\/02\/19\/chapadao-do-ceu-no-dia-nacional-de-mobilizacao-da-educacao-contra-o-zika\">CLIQUE AQUI<\/a><\/strong> e veja a GALERIA DE FOTOS<\/p>\n<p><em>Fonte: Ass. Imp. Pref. Chap. C\u00e9u<\/em><\/p>\n","protected":false},"excerpt":{"rendered":"<p>A Secretaria Municipal de Educa\u00e7\u00e3o, de Chapad\u00e3o do C\u00e9u preparou e realizou uma grande mobiliza\u00e7\u00e3o de estudantes, na manh\u00e3 desta sexta-feira, 19 de fevereiro, para participa\u00e7\u00e3o ativa no Dia Nacional de Mobiliza\u00e7\u00e3o da Educa\u00e7\u00e3o contra o Zika. Os estudantes caminharam de suas escolas, da rede p\u00fablica e privada, at\u00e9 a Pra\u00e7a Filog\u00f4nio Garcia de Freitas, [&hellip;]<\/p>\n","protected":false},"author":4,"featured_media":21135,"comment_status":"closed","ping_status":"closed","sticky":false,"template":"","format":"standard","meta":{"footnotes":""},"categories":[22],"tags":[],"class_list":["post-21134","post","type-post","status-publish","format-standard","has-post-thumbnail","hentry","category-chapadao-do-ceu"],"_links":{"self":[{"href":"https:\/\/www.ocorreionews.com.br\/acervo-correio\/index.php?rest_route=\/wp\/v2\/posts\/21134","targetHints":{"allow":["GET"]}}],"collection":[{"href":"https:\/\/www.ocorreionews.com.br\/acervo-correio\/index.php?rest_route=\/wp\/v2\/posts"}],"about":[{"href":"https:\/\/www.ocorreionews.com.br\/acervo-correio\/index.php?rest_route=\/wp\/v2\/types\/post"}],"author":[{"embeddable":true,"href":"https:\/\/www.ocorreionews.com.br\/acervo-correio\/index.php?rest_route=\/wp\/v2\/users\/4"}],"replies":[{"embeddable":true,"href":"https:\/\/www.ocorreionews.com.br\/acervo-correio\/index.php?rest_route=%2Fwp%2Fv2%2Fcomments&post=21134"}],"version-history":[{"count":0,"href":"https:\/\/www.ocorreionews.com.br\/acervo-correio\/index.php?rest_route=\/wp\/v2\/posts\/21134\/revisions"}],"wp:featuredmedia":[{"embeddable":true,"href":"https:\/\/www.ocorreionews.com.br\/acervo-correio\/index.php?rest_route=\/wp\/v2\/media\/21135"}],"wp:attachment":[{"href":"https:\/\/www.ocorreionews.com.br\/acervo-correio\/index.php?rest_route=%2Fwp%2Fv2%2Fmedia&parent=21134"}],"wp:term":[{"taxonomy":"category","embeddable":true,"href":"https:\/\/www.ocorreionews.com.br\/acervo-correio\/index.php?rest_route=%2Fwp%2Fv2%2Fcategories&post=21134"},{"taxonomy":"post_tag","embeddable":true,"href":"https:\/\/www.ocorreionews.com.br\/acervo-correio\/index.php?rest_route=%2Fwp%2Fv2%2Ftags&post=21134"}],"curies":[{"name":"wp","href":"https:\/\/api.w.org\/{rel}","templated":true}]}}