{"id":21138,"date":"2016-02-22T16:23:37","date_gmt":"2016-02-22T20:23:37","guid":{"rendered":"https:\/\/ocorreionews.com.br\/?p=21138"},"modified":"2016-02-22T16:23:37","modified_gmt":"2016-02-22T20:23:37","slug":"prefeito-de-figueirao-envia-projeto-com-reajuste-salarial-de-8-para-os-servidores-publicos-do-municipio","status":"publish","type":"post","link":"https:\/\/www.ocorreionews.com.br\/acervo-correio\/?p=21138","title":{"rendered":"Prefeito de Figueir\u00e3o envia projeto com reajuste salarial de 8% para os servidores p\u00fablicos do munic\u00edpio"},"content":{"rendered":"<p>Valorizando os funcion\u00e1rios p\u00fablico\u00a0do munic\u00edpio de Figueir\u00e3o MS, o prefeito Rog\u00e9rio Rosalin, encaminhou para a C\u00e2mara Municipal, documento com projeto de reajuste salarial\u00a0em 8% dos servidores p\u00fablicos.<\/p>\n<p>Os valores foram definidos juntamente com a diretoria do Sindicato dos Servidores P\u00fablico Municipais e, caso aprovado pela C\u00e2mara, haver\u00e1 retroativo referente a janeiro.<\/p>\n<p>&nbsp;<\/p>\n<p>&nbsp;<\/p>\n<p>Com informa\u00e7\u00f5es Assessoria de Imprensa<\/p>\n","protected":false},"excerpt":{"rendered":"<p>Valorizando os funcion\u00e1rios p\u00fablico\u00a0do munic\u00edpio de Figueir\u00e3o MS, o prefeito Rog\u00e9rio Rosalin, encaminhou para a C\u00e2mara Municipal, documento com projeto de reajuste salarial\u00a0em 8% dos servidores p\u00fablicos. Os valores foram definidos juntamente com a diretoria do Sindicato dos Servidores P\u00fablico Municipais e, caso aprovado pela C\u00e2mara, haver\u00e1 retroativo referente a janeiro. &nbsp; &nbsp; Com informa\u00e7\u00f5es [&hellip;]<\/p>\n","protected":false},"author":4,"featured_media":21139,"comment_status":"closed","ping_status":"closed","sticky":false,"template":"","format":"standard","meta":{"footnotes":""},"categories":[30],"tags":[],"class_list":["post-21138","post","type-post","status-publish","format-standard","has-post-thumbnail","hentry","category-figueirao"],"_links":{"self":[{"href":"https:\/\/www.ocorreionews.com.br\/acervo-correio\/index.php?rest_route=\/wp\/v2\/posts\/21138","targetHints":{"allow":["GET"]}}],"collection":[{"href":"https:\/\/www.ocorreionews.com.br\/acervo-correio\/index.php?rest_route=\/wp\/v2\/posts"}],"about":[{"href":"https:\/\/www.ocorreionews.com.br\/acervo-correio\/index.php?rest_route=\/wp\/v2\/types\/post"}],"author":[{"embeddable":true,"href":"https:\/\/www.ocorreionews.com.br\/acervo-correio\/index.php?rest_route=\/wp\/v2\/users\/4"}],"replies":[{"embeddable":true,"href":"https:\/\/www.ocorreionews.com.br\/acervo-correio\/index.php?rest_route=%2Fwp%2Fv2%2Fcomments&post=21138"}],"version-history":[{"count":0,"href":"https:\/\/www.ocorreionews.com.br\/acervo-correio\/index.php?rest_route=\/wp\/v2\/posts\/21138\/revisions"}],"wp:featuredmedia":[{"embeddable":true,"href":"https:\/\/www.ocorreionews.com.br\/acervo-correio\/index.php?rest_route=\/wp\/v2\/media\/21139"}],"wp:attachment":[{"href":"https:\/\/www.ocorreionews.com.br\/acervo-correio\/index.php?rest_route=%2Fwp%2Fv2%2Fmedia&parent=21138"}],"wp:term":[{"taxonomy":"category","embeddable":true,"href":"https:\/\/www.ocorreionews.com.br\/acervo-correio\/index.php?rest_route=%2Fwp%2Fv2%2Fcategories&post=21138"},{"taxonomy":"post_tag","embeddable":true,"href":"https:\/\/www.ocorreionews.com.br\/acervo-correio\/index.php?rest_route=%2Fwp%2Fv2%2Ftags&post=21138"}],"curies":[{"name":"wp","href":"https:\/\/api.w.org\/{rel}","templated":true}]}}