{"id":21149,"date":"2016-02-22T15:00:14","date_gmt":"2016-02-22T19:00:14","guid":{"rendered":"https:\/\/ocorreionews.com.br\/?p=21149"},"modified":"2016-02-22T17:01:58","modified_gmt":"2016-02-22T21:01:58","slug":"policiais-militares-da-4a-cipm-pel-paraiso-das-aguas-prenderam-autor-de-assassinato","status":"publish","type":"post","link":"https:\/\/www.ocorreionews.com.br\/acervo-correio\/?p=21149","title":{"rendered":"Policiais militares da 4\u00aa CIPM \/ PEL Para\u00edso das \u00c1guas prenderam autor de assassinato"},"content":{"rendered":"<p style=\"text-align: justify;\">Chapad\u00e3o do Sul (MS) \u2013 Na tarde deste domingo (21\/02\/2016) policiais militares da 4\u00aa CIPM &#8211; Pelot\u00e3o Para\u00edso das \u00c1guas, efetuaram a pris\u00e3o do homem que cometeu um homic\u00eddio na manh\u00e3 deste domingo.<\/p>\n<p style=\"text-align: justify;\">No manh\u00e3 deste \u00faltimo domingo um homem matou seu colega de trabalho em uma fazenda pr\u00f3xima da cidade de Para\u00edso das \u00c1guas. Assim que a Pol\u00edcia Militar foi acionada, foi at\u00e9 a fazenda iniciou um patrulhamento t\u00e1tico na localidade a procura do criminoso.<\/p>\n<p style=\"text-align: justify;\">Por volta das 14 horas, a guarni\u00e7\u00e3o PM localizou, escondido na mata, um homem com caracter\u00edsticas similares as do assassino. Ap\u00f3s a devida abordagem e checagem, foi verificado que o homem era de fato o autor do crime. Ele foi preso e encaminhado \u00e0 delegacia da pol\u00edcia civil.<\/p>\n<p style=\"text-align: justify;\">POL\u00cdCIA MILITAR, SERVINDO E PROTEGENDO O CIDAD\u00c3O DE BEM !<\/p>\n<p style=\"text-align: justify;\">Assessoria de Comunica\u00e7\u00e3o \u2013 4\u00aa CIPM<\/p>\n","protected":false},"excerpt":{"rendered":"<p>Chapad\u00e3o do Sul (MS) \u2013 Na tarde deste domingo (21\/02\/2016) policiais militares da 4\u00aa CIPM &#8211; Pelot\u00e3o Para\u00edso das \u00c1guas, efetuaram a pris\u00e3o do homem que cometeu um homic\u00eddio na manh\u00e3 deste domingo. No manh\u00e3 deste \u00faltimo domingo um homem matou seu colega de trabalho em uma fazenda pr\u00f3xima da cidade de Para\u00edso das \u00c1guas. [&hellip;]<\/p>\n","protected":false},"author":4,"featured_media":21152,"comment_status":"closed","ping_status":"closed","sticky":false,"template":"","format":"standard","meta":{"footnotes":""},"categories":[36,38],"tags":[],"class_list":["post-21149","post","type-post","status-publish","format-standard","has-post-thumbnail","hentry","category-paraiso-das-aguas","category-policia"],"_links":{"self":[{"href":"https:\/\/www.ocorreionews.com.br\/acervo-correio\/index.php?rest_route=\/wp\/v2\/posts\/21149","targetHints":{"allow":["GET"]}}],"collection":[{"href":"https:\/\/www.ocorreionews.com.br\/acervo-correio\/index.php?rest_route=\/wp\/v2\/posts"}],"about":[{"href":"https:\/\/www.ocorreionews.com.br\/acervo-correio\/index.php?rest_route=\/wp\/v2\/types\/post"}],"author":[{"embeddable":true,"href":"https:\/\/www.ocorreionews.com.br\/acervo-correio\/index.php?rest_route=\/wp\/v2\/users\/4"}],"replies":[{"embeddable":true,"href":"https:\/\/www.ocorreionews.com.br\/acervo-correio\/index.php?rest_route=%2Fwp%2Fv2%2Fcomments&post=21149"}],"version-history":[{"count":0,"href":"https:\/\/www.ocorreionews.com.br\/acervo-correio\/index.php?rest_route=\/wp\/v2\/posts\/21149\/revisions"}],"wp:featuredmedia":[{"embeddable":true,"href":"https:\/\/www.ocorreionews.com.br\/acervo-correio\/index.php?rest_route=\/wp\/v2\/media\/21152"}],"wp:attachment":[{"href":"https:\/\/www.ocorreionews.com.br\/acervo-correio\/index.php?rest_route=%2Fwp%2Fv2%2Fmedia&parent=21149"}],"wp:term":[{"taxonomy":"category","embeddable":true,"href":"https:\/\/www.ocorreionews.com.br\/acervo-correio\/index.php?rest_route=%2Fwp%2Fv2%2Fcategories&post=21149"},{"taxonomy":"post_tag","embeddable":true,"href":"https:\/\/www.ocorreionews.com.br\/acervo-correio\/index.php?rest_route=%2Fwp%2Fv2%2Ftags&post=21149"}],"curies":[{"name":"wp","href":"https:\/\/api.w.org\/{rel}","templated":true}]}}