{"id":21155,"date":"2016-02-23T07:19:27","date_gmt":"2016-02-23T11:19:27","guid":{"rendered":"https:\/\/ocorreionews.com.br\/?p=21155"},"modified":"2016-02-23T07:19:27","modified_gmt":"2016-02-23T11:19:27","slug":"paraiso-aulas-na-rede-publica-comecam-no-proximo-dia-25","status":"publish","type":"post","link":"https:\/\/www.ocorreionews.com.br\/acervo-correio\/?p=21155","title":{"rendered":"Paraiso: Aulas na rede p\u00fablica come\u00e7am no pr\u00f3ximo dia 25"},"content":{"rendered":"<p>A Prefeitura Municipal de Para\u00edso das \u00c1guas atrav\u00e9s da Secretaria de Educa\u00e7\u00e3o informa que as aulas na rede p\u00fablica de ensino come\u00e7am na pr\u00f3xima quinta-feira, dia 25 de fevereiro.<\/p>\n<p>Vale ressaltar que a partir desta data o transporte escolar tamb\u00e9m come\u00e7ar\u00e1 a conduzir os alunos da zona rural.<\/p>\n<p>Informa\u00e7\u00f5es podem ser obtidas atrav\u00e9s do telefone: 32481286.<\/p>\n<p>&nbsp;<\/p>\n<p>ASSECOM- Prefeitura Municipal de Para\u00edso das \u00c1guas- MS<\/p>\n<p>&nbsp;<\/p>\n<p>Texto: Daniela Loss\u00e1vero<\/p>\n","protected":false},"excerpt":{"rendered":"<p>A Prefeitura Municipal de Para\u00edso das \u00c1guas atrav\u00e9s da Secretaria de Educa\u00e7\u00e3o informa que as aulas na rede p\u00fablica de ensino come\u00e7am na pr\u00f3xima quinta-feira, dia 25 de fevereiro. Vale ressaltar que a partir desta data o transporte escolar tamb\u00e9m come\u00e7ar\u00e1 a conduzir os alunos da zona rural. Informa\u00e7\u00f5es podem ser obtidas atrav\u00e9s do telefone: [&hellip;]<\/p>\n","protected":false},"author":4,"featured_media":21156,"comment_status":"closed","ping_status":"closed","sticky":false,"template":"","format":"standard","meta":{"footnotes":""},"categories":[27,36],"tags":[],"class_list":["post-21155","post","type-post","status-publish","format-standard","has-post-thumbnail","hentry","category-educacao","category-paraiso-das-aguas"],"_links":{"self":[{"href":"https:\/\/www.ocorreionews.com.br\/acervo-correio\/index.php?rest_route=\/wp\/v2\/posts\/21155","targetHints":{"allow":["GET"]}}],"collection":[{"href":"https:\/\/www.ocorreionews.com.br\/acervo-correio\/index.php?rest_route=\/wp\/v2\/posts"}],"about":[{"href":"https:\/\/www.ocorreionews.com.br\/acervo-correio\/index.php?rest_route=\/wp\/v2\/types\/post"}],"author":[{"embeddable":true,"href":"https:\/\/www.ocorreionews.com.br\/acervo-correio\/index.php?rest_route=\/wp\/v2\/users\/4"}],"replies":[{"embeddable":true,"href":"https:\/\/www.ocorreionews.com.br\/acervo-correio\/index.php?rest_route=%2Fwp%2Fv2%2Fcomments&post=21155"}],"version-history":[{"count":0,"href":"https:\/\/www.ocorreionews.com.br\/acervo-correio\/index.php?rest_route=\/wp\/v2\/posts\/21155\/revisions"}],"wp:featuredmedia":[{"embeddable":true,"href":"https:\/\/www.ocorreionews.com.br\/acervo-correio\/index.php?rest_route=\/wp\/v2\/media\/21156"}],"wp:attachment":[{"href":"https:\/\/www.ocorreionews.com.br\/acervo-correio\/index.php?rest_route=%2Fwp%2Fv2%2Fmedia&parent=21155"}],"wp:term":[{"taxonomy":"category","embeddable":true,"href":"https:\/\/www.ocorreionews.com.br\/acervo-correio\/index.php?rest_route=%2Fwp%2Fv2%2Fcategories&post=21155"},{"taxonomy":"post_tag","embeddable":true,"href":"https:\/\/www.ocorreionews.com.br\/acervo-correio\/index.php?rest_route=%2Fwp%2Fv2%2Ftags&post=21155"}],"curies":[{"name":"wp","href":"https:\/\/api.w.org\/{rel}","templated":true}]}}