{"id":21163,"date":"2016-02-23T08:29:14","date_gmt":"2016-02-23T12:29:14","guid":{"rendered":"https:\/\/ocorreionews.com.br\/?p=21163"},"modified":"2016-02-23T08:29:14","modified_gmt":"2016-02-23T12:29:14","slug":"escolas-de-costa-rica-preparam-para-receberem-na-proxima-segunda-feira-29-os-alunos-do-ensino-fundamental-eja-e-pre-escola","status":"publish","type":"post","link":"https:\/\/www.ocorreionews.com.br\/acervo-correio\/?p=21163","title":{"rendered":"Escolas de Costa Rica preparam para receberem na pr\u00f3xima segunda-feira (29), os alunos do Ensino Fundamental, EJA e Pr\u00e9-Escola"},"content":{"rendered":"<div class=\"marginBottom30px link-Internas\">\n<p>Est\u00e1 na hora da crian\u00e7ada voltar para as salas de aula. A SEMED &#8211; Secretaria Municipal de Educa\u00e7\u00e3o \u2013 comunica que o ano letivo dos alunos da Pr\u00e9-Escola (04 e 05 anos), Ensino Fundamental e EJA &#8211; Educa\u00e7\u00e3o de Jovens e Adultos \u2013 come\u00e7am na pr\u00f3xima segunda-feira, dia 29 de fevereiro, juntamente com o retorno do transporte escolar.<a href=\"https:\/\/ocorreionews.com.br\/wp-content\/uploads\/2016\/02\/alunos-CR-2.jpg\" rel=\"attachment wp-att-21165\"><img loading=\"lazy\" decoding=\"async\" class=\"size-medium wp-image-21165 alignright\" src=\"https:\/\/ocorreionews.com.br\/wp-content\/uploads\/2016\/02\/alunos-CR-2-300x184.jpg\" alt=\"alunos CR 2\" width=\"300\" height=\"184\" srcset=\"https:\/\/www.ocorreionews.com.br\/acervo-correio\/wp-content\/uploads\/2016\/02\/alunos-CR-2-300x184.jpg 300w, https:\/\/www.ocorreionews.com.br\/acervo-correio\/wp-content\/uploads\/2016\/02\/alunos-CR-2-768x470.jpg 768w, https:\/\/www.ocorreionews.com.br\/acervo-correio\/wp-content\/uploads\/2016\/02\/alunos-CR-2.jpg 800w\" sizes=\"auto, (max-width: 300px) 100vw, 300px\" \/><\/a><\/p>\n<p>A secret\u00e1ria de Educa\u00e7\u00e3o de Costa Rica \u2013 MS, presidente da UNDIME de Mato Grosso do Sul e vice-presidente da UNDIME Nacional, professora Mestre Manuelina Martins da Silva Arantes Cabral, afirma que a proposta pedag\u00f3gica \u00e9 valorizar os trabalhos que j\u00e1 vem sendo desenvolvidos e preparar os alunos para serem pessoas de valor. A gestora acredita que todos os novos desafios ser\u00e3o superados com determina\u00e7\u00e3o e compromisso da equipe educadora.<\/p>\n<p>O prefeito Waldeli dos Santos Rosa destaca o compromisso da Administra\u00e7\u00e3o Municipal em oferecer ensino de qualidade aos alunos. \u201cCada institui\u00e7\u00e3o de ensino est\u00e1 preparando uma programa\u00e7\u00e3o especial de volta \u00e0s aulas para tornar o ambiente ainda mais receptivo. Para 2016, o nosso objetivo \u00e9 manter a qualidade no aprendizado, garantindo a perman\u00eancia e o sucesso dos alunos\u201d.<\/p>\n<\/div>\n<p>&nbsp;<\/p>\n<p>&nbsp;<\/p>\n<div class=\"marginBottom30px link-Internas\">ASSECOM &#8211; PMCR<\/div>\n","protected":false},"excerpt":{"rendered":"<p>Est\u00e1 na hora da crian\u00e7ada voltar para as salas de aula. A SEMED &#8211; Secretaria Municipal de Educa\u00e7\u00e3o \u2013 comunica que o ano letivo dos alunos da Pr\u00e9-Escola (04 e 05 anos), Ensino Fundamental e EJA &#8211; Educa\u00e7\u00e3o de Jovens e Adultos \u2013 come\u00e7am na pr\u00f3xima segunda-feira, dia 29 de fevereiro, juntamente com o retorno [&hellip;]<\/p>\n","protected":false},"author":4,"featured_media":21164,"comment_status":"closed","ping_status":"closed","sticky":false,"template":"","format":"standard","meta":{"footnotes":""},"categories":[25],"tags":[],"class_list":["post-21163","post","type-post","status-publish","format-standard","has-post-thumbnail","hentry","category-costa-rica"],"_links":{"self":[{"href":"https:\/\/www.ocorreionews.com.br\/acervo-correio\/index.php?rest_route=\/wp\/v2\/posts\/21163","targetHints":{"allow":["GET"]}}],"collection":[{"href":"https:\/\/www.ocorreionews.com.br\/acervo-correio\/index.php?rest_route=\/wp\/v2\/posts"}],"about":[{"href":"https:\/\/www.ocorreionews.com.br\/acervo-correio\/index.php?rest_route=\/wp\/v2\/types\/post"}],"author":[{"embeddable":true,"href":"https:\/\/www.ocorreionews.com.br\/acervo-correio\/index.php?rest_route=\/wp\/v2\/users\/4"}],"replies":[{"embeddable":true,"href":"https:\/\/www.ocorreionews.com.br\/acervo-correio\/index.php?rest_route=%2Fwp%2Fv2%2Fcomments&post=21163"}],"version-history":[{"count":0,"href":"https:\/\/www.ocorreionews.com.br\/acervo-correio\/index.php?rest_route=\/wp\/v2\/posts\/21163\/revisions"}],"wp:featuredmedia":[{"embeddable":true,"href":"https:\/\/www.ocorreionews.com.br\/acervo-correio\/index.php?rest_route=\/wp\/v2\/media\/21164"}],"wp:attachment":[{"href":"https:\/\/www.ocorreionews.com.br\/acervo-correio\/index.php?rest_route=%2Fwp%2Fv2%2Fmedia&parent=21163"}],"wp:term":[{"taxonomy":"category","embeddable":true,"href":"https:\/\/www.ocorreionews.com.br\/acervo-correio\/index.php?rest_route=%2Fwp%2Fv2%2Fcategories&post=21163"},{"taxonomy":"post_tag","embeddable":true,"href":"https:\/\/www.ocorreionews.com.br\/acervo-correio\/index.php?rest_route=%2Fwp%2Fv2%2Ftags&post=21163"}],"curies":[{"name":"wp","href":"https:\/\/api.w.org\/{rel}","templated":true}]}}