{"id":211636,"date":"2022-07-12T14:15:54","date_gmt":"2022-07-12T18:15:54","guid":{"rendered":"https:\/\/www.ocorreionews.com.br\/acervo-correio\/?p=211636"},"modified":"2022-07-12T14:15:54","modified_gmt":"2022-07-12T18:15:54","slug":"costa-rica-realizara-o-1o-festival-literario-com-vasta-programacao-cultural","status":"publish","type":"post","link":"https:\/\/www.ocorreionews.com.br\/acervo-correio\/?p=211636","title":{"rendered":"Costa Rica realizar\u00e1 o 1\u00ba Festival Liter\u00e1rio com vasta programa\u00e7\u00e3o cultural"},"content":{"rendered":"<div class=\"ntc_cont_descricao_noticia sw_txteditor\">\n<div>Muita leitura, m\u00fasica, dan\u00e7a, cinema, contadores de hist\u00f3ria e v\u00e1rias atra\u00e7\u00f5es imperd\u00edveis far\u00e3o parte dos 4 dias de programa\u00e7\u00e3o do 1\u00ba FLICR (Festival Liter\u00e1rio de Costa Rica). O evento multicultural acontece de 9 a 12 agosto e reunir\u00e1 diversas atividades ligadas \u00e0 literatura em espa\u00e7os p\u00fablicos da cidade, totalmente gratuito para a popula\u00e7\u00e3o.<\/p>\n<p>O 1\u00ba FLICR \u00e9 realizado pelo Minist\u00e9rio do Turismo, Secretaria Especial da Cultura, Lei de Incentivo a Cultura e conta com apoio da Prefeitura de Costa Rica por meio da SEMED (Secretaria Municipal de Educa\u00e7\u00e3o) e SEMTMA (Secretaria Municipal de Turismo, Meio Ambiente, Esporte e Cultura), C\u00e2mara de Vereadores, al\u00e9m do patroc\u00ednio da Energisa e Funda\u00e7\u00e3o Cultural Ormeo Junqueira Botelho.<\/p>\n<p>\u201cA miss\u00e3o \u00e9 fazer de Costa Rica uma cidade de leitores, incentivando os moradores, desde a inf\u00e2ncia, com iniciativas que democratizem o acesso aos livros. Este \u00e9 mais um importante evento que resgata a cultura costarriquense com apoio de grandes parceiros e tamb\u00e9m homenageia o grande escritor Manoel de Barros, o fazedor de amanhecer\u201d, aponta o prefeito Cleverson Alves dos Santos.<\/p>\n<p>Em sua programa\u00e7\u00e3o, a iniciativa conta ainda com atividades de bate papo com escritores de renome nacional, lan\u00e7amento de escritores locais, oficinas, espet\u00e1culos de teatro, shows com grupos e artistas locais e visitas guiadas, exposi\u00e7\u00f5es, tudo direcionado para todos os p\u00fabicos.<\/p>\n<p>Na ter\u00e7a-feira (9), das 11 \u00e0s 14 horas, o palco da cultura ser\u00e1 o Parque Ecol\u00f3gico Vilibaldo Barbosa. J\u00e1 na sexta-feira (12) a a\u00e7\u00e3o continua no Parque Municipal Salto do Sucuri\u00fa a partir das 9 horas.<\/p>\n<p>Para mais informa\u00e7\u00f5es e inscri\u00e7\u00f5es clique <a href=\"https:\/\/www.flicostaricams.com.br\/\">aqui.<\/a><\/div>\n<\/div>\n<p>&nbsp;<\/p>\n<p><img loading=\"lazy\" decoding=\"async\" class=\"fancybox-image aligncenter\" src=\"https:\/\/www.costarica.ms.gov.br\/fotos\/f92d4ed68bec6eec35f7b7606a0ddc10.jpg\" width=\"594\" height=\"453\" \/><\/p>\n<p><strong class=\"sw_lato_black\">Fonte: <\/strong>Assessoria de Comunica\u00e7\u00e3o, <strong class=\"sw_lato_black\">\u00a0<\/strong>Angela Bezerra<\/p>\n","protected":false},"excerpt":{"rendered":"<p>Muita leitura, m\u00fasica, dan\u00e7a, cinema, contadores de hist\u00f3ria e v\u00e1rias atra\u00e7\u00f5es imperd\u00edveis far\u00e3o parte dos 4 dias de programa\u00e7\u00e3o do 1\u00ba FLICR (Festival Liter\u00e1rio de Costa Rica). O evento multicultural acontece de 9 a 12 agosto e reunir\u00e1 diversas atividades ligadas \u00e0 literatura em espa\u00e7os p\u00fablicos da cidade, totalmente gratuito para a popula\u00e7\u00e3o. O 1\u00ba [&hellip;]<\/p>\n","protected":false},"author":5,"featured_media":211637,"comment_status":"closed","ping_status":"closed","sticky":false,"template":"","format":"standard","meta":{"footnotes":""},"categories":[31],"tags":[],"class_list":["post-211636","post","type-post","status-publish","format-standard","has-post-thumbnail","hentry","category-geral"],"_links":{"self":[{"href":"https:\/\/www.ocorreionews.com.br\/acervo-correio\/index.php?rest_route=\/wp\/v2\/posts\/211636","targetHints":{"allow":["GET"]}}],"collection":[{"href":"https:\/\/www.ocorreionews.com.br\/acervo-correio\/index.php?rest_route=\/wp\/v2\/posts"}],"about":[{"href":"https:\/\/www.ocorreionews.com.br\/acervo-correio\/index.php?rest_route=\/wp\/v2\/types\/post"}],"author":[{"embeddable":true,"href":"https:\/\/www.ocorreionews.com.br\/acervo-correio\/index.php?rest_route=\/wp\/v2\/users\/5"}],"replies":[{"embeddable":true,"href":"https:\/\/www.ocorreionews.com.br\/acervo-correio\/index.php?rest_route=%2Fwp%2Fv2%2Fcomments&post=211636"}],"version-history":[{"count":1,"href":"https:\/\/www.ocorreionews.com.br\/acervo-correio\/index.php?rest_route=\/wp\/v2\/posts\/211636\/revisions"}],"predecessor-version":[{"id":211638,"href":"https:\/\/www.ocorreionews.com.br\/acervo-correio\/index.php?rest_route=\/wp\/v2\/posts\/211636\/revisions\/211638"}],"wp:featuredmedia":[{"embeddable":true,"href":"https:\/\/www.ocorreionews.com.br\/acervo-correio\/index.php?rest_route=\/wp\/v2\/media\/211637"}],"wp:attachment":[{"href":"https:\/\/www.ocorreionews.com.br\/acervo-correio\/index.php?rest_route=%2Fwp%2Fv2%2Fmedia&parent=211636"}],"wp:term":[{"taxonomy":"category","embeddable":true,"href":"https:\/\/www.ocorreionews.com.br\/acervo-correio\/index.php?rest_route=%2Fwp%2Fv2%2Fcategories&post=211636"},{"taxonomy":"post_tag","embeddable":true,"href":"https:\/\/www.ocorreionews.com.br\/acervo-correio\/index.php?rest_route=%2Fwp%2Fv2%2Ftags&post=211636"}],"curies":[{"name":"wp","href":"https:\/\/api.w.org\/{rel}","templated":true}]}}