{"id":211660,"date":"2022-07-13T08:41:17","date_gmt":"2022-07-13T12:41:17","guid":{"rendered":"https:\/\/www.ocorreionews.com.br\/acervo-correio\/?p=211660"},"modified":"2022-07-13T08:41:17","modified_gmt":"2022-07-13T12:41:17","slug":"prefeitura-qualificou-mais-120-sul-chapadenses-com-cursos-profissionalizantes","status":"publish","type":"post","link":"https:\/\/www.ocorreionews.com.br\/acervo-correio\/?p=211660","title":{"rendered":"Prefeitura qualificou mais 120 Sul-chapadenses com cursos profissionalizantes"},"content":{"rendered":"<p style=\"font-weight: 400;\">A Casa do Trabalhador atrav\u00e9s da Secretaria municipal de Desenvolvimento Econ\u00f4mico e Meio Ambiente &#8211; SEDEMA, em parceria com a Funda\u00e7\u00e3o do Trabalho de Mato Grosso do Sul &#8211; FUNTRAB, ofereceu 120 vagas para capacita\u00e7\u00f5es\/aperfei\u00e7oamentos atrav\u00e9s dos cursos:<\/p>\n<ul>\n<li style=\"font-weight: 400;\">Atendimento ao Cliente<\/li>\n<li style=\"font-weight: 400;\">T\u00e9cnicas e Pr\u00e1ticas administrativas<\/li>\n<li style=\"font-weight: 400;\">Orienta\u00e7\u00e3o para inser\u00e7\u00e3o no mercado de trabalho<\/li>\n<\/ul>\n<p style=\"font-weight: 400;\">Os cursos foram ofertados \u00e0 popula\u00e7\u00e3o totalmente gratuitos, com objetivo de\u00a0qualificar\u00a0jovens para o mercado de trabalho com no\u00e7\u00f5es de atendimento em diferentes formas e t\u00e9cnicas<\/p>\n<p style=\"font-weight: 400;\">Entre os dias 04 a 07 de julho foram realizadas as seguintes capacita\u00e7\u00f5es na sala de treinamento da rodovi\u00e1ria:<\/p>\n<ul>\n<li style=\"font-weight: 400;\">Atendimento ao Cliente<\/li>\n<\/ul>\n<p style=\"font-weight: 400;\">Data: 04 a 07 de julho, das 18h \u00e0s 21h<\/p>\n<p style=\"font-weight: 400;\">Local: Sala de Treinamentos da Rodovi\u00e1ria<\/p>\n<p style=\"font-weight: 400;\">\n<ul>\n<li style=\"font-weight: 400;\">T\u00e9cnicas e Pr\u00e1ticas administrativas<\/li>\n<\/ul>\n<p style=\"font-weight: 400;\">Data: 04 a 07 de julho, das 13h \u00e0s 17h<\/p>\n<p style=\"font-weight: 400;\">Local: Sala de Treinamentos da Rodovi\u00e1ria<\/p>\n<p style=\"font-weight: 400;\">\n<ul>\n<li style=\"font-weight: 400;\">Orienta\u00e7\u00e3o para inser\u00e7\u00e3o no mercado de trabalho<\/li>\n<\/ul>\n<p style=\"font-weight: 400;\">Data: 07 de julho, das 07h30 \u00e0s 11h<\/p>\n<p style=\"font-weight: 400;\">Local: Sala de Treinamentos da Rodovi\u00e1ria<\/p>\n<p style=\"font-weight: 400;\">\n<p style=\"font-weight: 400;\">Os cursos fazem parte do Plano Municipal de Qualifica\u00e7\u00e3o e Gest\u00e3o, um projeto que tem o objetivo de promover a gera\u00e7\u00e3o de renda, por meio da qualifica\u00e7\u00e3o profissional, capacita\u00e7\u00e3o t\u00e9cnica e empreendedora.<\/p>\n<p style=\"font-weight: 400;\">O Executivo Municipal parabeniza os formados pelo esfor\u00e7o e dedica\u00e7\u00e3o durante toda as atividades propostas.<\/p>\n<p style=\"font-weight: 400;\">Informa\u00e7\u00f5es sobre os pr\u00f3ximos cursos podem ser obtidas atrav\u00e9s dos telefones: 67 3562-1821 \/ WhatsApp: 67 99618-3431. ou\u00a0<a href=\"https:\/\/wa.me\/5567996183431\">clique aqui<\/a><\/p>\n<p>&nbsp;<\/p>\n<p>&nbsp;<\/p>\n<p>*Assessoria<\/p>\n","protected":false},"excerpt":{"rendered":"<p>A Casa do Trabalhador atrav\u00e9s da Secretaria municipal de Desenvolvimento Econ\u00f4mico e Meio Ambiente &#8211; SEDEMA, em parceria com a Funda\u00e7\u00e3o do Trabalho de Mato Grosso do Sul &#8211; FUNTRAB, ofereceu 120 vagas para capacita\u00e7\u00f5es\/aperfei\u00e7oamentos atrav\u00e9s dos cursos: Atendimento ao Cliente T\u00e9cnicas e Pr\u00e1ticas administrativas Orienta\u00e7\u00e3o para inser\u00e7\u00e3o no mercado de trabalho Os cursos foram [&hellip;]<\/p>\n","protected":false},"author":5,"featured_media":211663,"comment_status":"closed","ping_status":"closed","sticky":false,"template":"","format":"standard","meta":{"footnotes":""},"categories":[23],"tags":[],"class_list":["post-211660","post","type-post","status-publish","format-standard","has-post-thumbnail","hentry","category-chapadao-do-sul"],"_links":{"self":[{"href":"https:\/\/www.ocorreionews.com.br\/acervo-correio\/index.php?rest_route=\/wp\/v2\/posts\/211660","targetHints":{"allow":["GET"]}}],"collection":[{"href":"https:\/\/www.ocorreionews.com.br\/acervo-correio\/index.php?rest_route=\/wp\/v2\/posts"}],"about":[{"href":"https:\/\/www.ocorreionews.com.br\/acervo-correio\/index.php?rest_route=\/wp\/v2\/types\/post"}],"author":[{"embeddable":true,"href":"https:\/\/www.ocorreionews.com.br\/acervo-correio\/index.php?rest_route=\/wp\/v2\/users\/5"}],"replies":[{"embeddable":true,"href":"https:\/\/www.ocorreionews.com.br\/acervo-correio\/index.php?rest_route=%2Fwp%2Fv2%2Fcomments&post=211660"}],"version-history":[{"count":1,"href":"https:\/\/www.ocorreionews.com.br\/acervo-correio\/index.php?rest_route=\/wp\/v2\/posts\/211660\/revisions"}],"predecessor-version":[{"id":211664,"href":"https:\/\/www.ocorreionews.com.br\/acervo-correio\/index.php?rest_route=\/wp\/v2\/posts\/211660\/revisions\/211664"}],"wp:featuredmedia":[{"embeddable":true,"href":"https:\/\/www.ocorreionews.com.br\/acervo-correio\/index.php?rest_route=\/wp\/v2\/media\/211663"}],"wp:attachment":[{"href":"https:\/\/www.ocorreionews.com.br\/acervo-correio\/index.php?rest_route=%2Fwp%2Fv2%2Fmedia&parent=211660"}],"wp:term":[{"taxonomy":"category","embeddable":true,"href":"https:\/\/www.ocorreionews.com.br\/acervo-correio\/index.php?rest_route=%2Fwp%2Fv2%2Fcategories&post=211660"},{"taxonomy":"post_tag","embeddable":true,"href":"https:\/\/www.ocorreionews.com.br\/acervo-correio\/index.php?rest_route=%2Fwp%2Fv2%2Ftags&post=211660"}],"curies":[{"name":"wp","href":"https:\/\/api.w.org\/{rel}","templated":true}]}}