{"id":211666,"date":"2022-07-13T09:01:34","date_gmt":"2022-07-13T13:01:34","guid":{"rendered":"https:\/\/www.ocorreionews.com.br\/acervo-correio\/?p=211666"},"modified":"2022-07-13T09:01:34","modified_gmt":"2022-07-13T13:01:34","slug":"video-carretas-batem-de-frente-na-br-163-e-dois-morrem-na-hora-em-mt","status":"publish","type":"post","link":"https:\/\/www.ocorreionews.com.br\/acervo-correio\/?p=211666","title":{"rendered":"V\u00cdDEO: carretas batem de frente na BR-163 e dois morrem na hora em MT"},"content":{"rendered":"<p>Um grave acidente foi registrado nesta ter\u00e7a-feira (12), entre um caminh\u00e3o-tanque e um caminh\u00e3o carregado de gr\u00e3os na BR-163, entre Matup\u00e1 e Guarant\u00e3 do Norte, a 721 km de Cuiab\u00e1.<br \/>\nacidente<\/p>\n<p>O ponto do acidente fica pr\u00f3ximo a divisa entre Mato Grosso e o estado do Par\u00e1. O trecho da BR-163 est\u00e1 interditado porque existe a possibilidade de explos\u00e3o, j\u00e1 que uma das carretas transportava etanol.<\/p>\n<p>Devido ao combust\u00edvel no caminh\u00e3o-tanque um inc\u00eandio se formou entre os ve\u00edculos de carga.<\/p>\n<p>\u00c0 reportagem, o superintendente da PRF (Pol\u00edcia Rodovi\u00e1ria Federal), Francisco Elcio, disse que, a princ\u00edpio, h\u00e1 dois mortos no local.<\/p>\n<p>\u201cEquipes est\u00e3o no local, e inicialmente os dois condutores morreram, mas como est\u00e3o fazendo o rescaldo, n\u00e3o sabemos se haver\u00e1 mais corpos dentro das cabines\u201d, disse.<\/p>\n<p>Conforme o policial, o caminh\u00e3o graneleiro vinha atr\u00e1s de outra carreta, quando houve uma freada brusca e ele teria tentado desviar entrando na contram\u00e3o, quando bateu de frente com o caminh\u00e3o que carregava o combust\u00edvel.<\/p>\n<p>A Politec (Per\u00edcia Oficial T\u00e9cnica de Mato Grosso) far\u00e1 a per\u00edcia.<\/p>\n<p>&nbsp;<\/p>\n<div style=\"width: 640px;\" class=\"wp-video\"><!--[if lt IE 9]><script>document.createElement('video');<\/script><![endif]-->\n<video class=\"wp-video-shortcode\" id=\"video-211666-1\" width=\"640\" height=\"360\" preload=\"metadata\" controls=\"controls\"><source type=\"video\/mp4\" src=\"https:\/\/cdnpp.azureedge.net\/pp-prod-container\/2022\/07\/caminhao.mp4?_=1\" \/><a href=\"https:\/\/cdnpp.azureedge.net\/pp-prod-container\/2022\/07\/caminhao.mp4\">https:\/\/cdnpp.azureedge.net\/pp-prod-container\/2022\/07\/caminhao.mp4<\/a><\/video><\/div>\n<p>&nbsp;<\/p>\n<p>&nbsp;<\/p>\n<p>*Primeira P\u00e1gina<\/p>\n","protected":false},"excerpt":{"rendered":"<p>Um grave acidente foi registrado nesta ter\u00e7a-feira (12), entre um caminh\u00e3o-tanque e um caminh\u00e3o carregado de gr\u00e3os na BR-163, entre Matup\u00e1 e Guarant\u00e3 do Norte, a 721 km de Cuiab\u00e1. acidente O ponto do acidente fica pr\u00f3ximo a divisa entre Mato Grosso e o estado do Par\u00e1. O trecho da BR-163 est\u00e1 interditado porque existe [&hellip;]<\/p>\n","protected":false},"author":5,"featured_media":211669,"comment_status":"closed","ping_status":"closed","sticky":false,"template":"","format":"standard","meta":{"footnotes":""},"categories":[38],"tags":[],"class_list":["post-211666","post","type-post","status-publish","format-standard","has-post-thumbnail","hentry","category-policia"],"_links":{"self":[{"href":"https:\/\/www.ocorreionews.com.br\/acervo-correio\/index.php?rest_route=\/wp\/v2\/posts\/211666","targetHints":{"allow":["GET"]}}],"collection":[{"href":"https:\/\/www.ocorreionews.com.br\/acervo-correio\/index.php?rest_route=\/wp\/v2\/posts"}],"about":[{"href":"https:\/\/www.ocorreionews.com.br\/acervo-correio\/index.php?rest_route=\/wp\/v2\/types\/post"}],"author":[{"embeddable":true,"href":"https:\/\/www.ocorreionews.com.br\/acervo-correio\/index.php?rest_route=\/wp\/v2\/users\/5"}],"replies":[{"embeddable":true,"href":"https:\/\/www.ocorreionews.com.br\/acervo-correio\/index.php?rest_route=%2Fwp%2Fv2%2Fcomments&post=211666"}],"version-history":[{"count":1,"href":"https:\/\/www.ocorreionews.com.br\/acervo-correio\/index.php?rest_route=\/wp\/v2\/posts\/211666\/revisions"}],"predecessor-version":[{"id":211670,"href":"https:\/\/www.ocorreionews.com.br\/acervo-correio\/index.php?rest_route=\/wp\/v2\/posts\/211666\/revisions\/211670"}],"wp:featuredmedia":[{"embeddable":true,"href":"https:\/\/www.ocorreionews.com.br\/acervo-correio\/index.php?rest_route=\/wp\/v2\/media\/211669"}],"wp:attachment":[{"href":"https:\/\/www.ocorreionews.com.br\/acervo-correio\/index.php?rest_route=%2Fwp%2Fv2%2Fmedia&parent=211666"}],"wp:term":[{"taxonomy":"category","embeddable":true,"href":"https:\/\/www.ocorreionews.com.br\/acervo-correio\/index.php?rest_route=%2Fwp%2Fv2%2Fcategories&post=211666"},{"taxonomy":"post_tag","embeddable":true,"href":"https:\/\/www.ocorreionews.com.br\/acervo-correio\/index.php?rest_route=%2Fwp%2Fv2%2Ftags&post=211666"}],"curies":[{"name":"wp","href":"https:\/\/api.w.org\/{rel}","templated":true}]}}