{"id":21167,"date":"2016-02-23T08:15:07","date_gmt":"2016-02-23T12:15:07","guid":{"rendered":"https:\/\/ocorreionews.com.br\/?p=21167"},"modified":"2016-02-23T08:31:06","modified_gmt":"2016-02-23T12:31:06","slug":"em-1a-declaracao-apos-prisao-delcidio-nega-ameaca-a-colegas-e-delacao","status":"publish","type":"post","link":"https:\/\/www.ocorreionews.com.br\/acervo-correio\/?p=21167","title":{"rendered":"Em 1\u00aa declara\u00e7\u00e3o ap\u00f3s pris\u00e3o, Delc\u00eddio nega amea\u00e7a a colegas e dela\u00e7\u00e3o"},"content":{"rendered":"<div class=\"bloco_texto_span\">\n<p>Em sua primeira declara\u00e7\u00e3o, depois de quase tr\u00eas meses preso, o senador Delc\u00eddio do Amaral (PT-MS) nega a informa\u00e7\u00e3o de amea\u00e7a de entregar colegas do Senado, caso tenha seu mandato cassado. Corre, no Conselho de \u00c9tica, representa\u00e7\u00e3o contra ele por quebra de decoro parlamentar.<\/p>\n<p>As informa\u00e7\u00f5es foram publicadas na Folha de S\u00e3o Paulo nesta ter\u00e7a-feira (23). Seu retorno ao parlamento, inclusive com declara\u00e7\u00f5es na tribuna, que estava previsto para hoje, ser\u00e1 adiado, de acordo com a assessoria do senador.<\/p>\n<p>Segundo Delc\u00eddio, que estaria 12 quilos mais magro, seus colegas de Senado o conhecem bem. \u201cPosso n\u00e3o ser uma Brastemp, mas n\u00e3o sou burro, nem louco de botar o Senado contra mim\u201d, teria dito.<\/p>\n<p>Cogita\u00e7\u00f5es sobre uma poss\u00edvel dela\u00e7\u00e3o premiada tamb\u00e9m foi descartada por ele. \u201cN\u00e3o h\u00e1 dela\u00e7\u00e3o premiada alguma. Minha defesa \u00e9 boa. Ser\u00e1 feita nos tribunais superiores\u201d, disse.<\/p>\n<p>Pouco tempo depois da pris\u00e3o do senador, a imprensa nacional divulgou not\u00edcias sobre a possibilidade de Delc\u00eddio aceitar acordo de colabora\u00e7\u00e3o premiada, desde sempre negada pela defesa.<\/p>\n<p>Ainda segundo a Folha de S\u00e3o Paulo, o senador explicou que n\u00e3o est\u00e1 em pris\u00e3o domiciliar e, sim, em \u201crecolhimento noturno\u201d, que seria uma medida cautelar.\u00a0Essas e demais informa\u00e7\u00f5es ser\u00e3o explicadas durante seu primeiro pronunciamento na tribuna.<\/p>\n<p>Na sua volta, o senador tamb\u00e9m fara &#8216;corpo a corpo&#8217; com os demais colegas, no intuito de se defender, enquanto na tribuna afirmar\u00e1 ser inocente e v\u00edtima de arma\u00e7\u00e3o.<\/p>\n<p>A assessoria de comunica\u00e7\u00e3o confirmou que o senador n\u00e3o voltar\u00e1 aos trabalhos no Senado nesta ter\u00e7a-feira. Delc\u00eddio passar\u00e1 por &#8220;uma s\u00e9rie de exames&#8221; e a defini\u00e7\u00e3o do hor\u00e1rio que ele ter\u00e1 de voltar para casa, em virtude da medida cautelar. Ainda conforme a assessoria, o senador &#8220;n\u00e3o pedir\u00e1 licen\u00e7a, reassumir\u00e1 o mandato e todas as comiss\u00f5es das quais faz parte&#8221;.<\/p>\n<p><strong>Pris\u00e3o &#8211;<\/strong> O petista foi detido em 25 de novembro em desdobramento da opera\u00e7\u00e3o Lava Jato. Desde ent\u00e3o, o parlamentar, mantido inicialmente na superintend\u00eancia da Pol\u00edcia Federal, em Bras\u00edlia, foi transferido para o pres\u00eddio militar, teve a pris\u00e3o mantida pelo STF e Senado.<\/p>\n<p>Segundo a PGR (Procuradoria Geral da Rep\u00fablica), que j\u00e1 denunciou o senador ao STF, ele teria agido de forma a dificultar a colabora\u00e7\u00e3o premiada de Nestor\u00a0Cerver\u00f3, ex-diretor da Petrobras, com o objetivo de evitar que fosse divulgado seu envolvimento nas poss\u00edveis irregularidades da Petrobras. O petista ainda foi gravado oferecendo um plano de fuga ao ex-diretor.<\/p>\n<\/div>\n<p>&nbsp;<\/p>\n<p>&nbsp;<\/p>\n<p>CG News<\/p>\n","protected":false},"excerpt":{"rendered":"<p>Em sua primeira declara\u00e7\u00e3o, depois de quase tr\u00eas meses preso, o senador Delc\u00eddio do Amaral (PT-MS) nega a informa\u00e7\u00e3o de amea\u00e7a de entregar colegas do Senado, caso tenha seu mandato cassado. Corre, no Conselho de \u00c9tica, representa\u00e7\u00e3o contra ele por quebra de decoro parlamentar. As informa\u00e7\u00f5es foram publicadas na Folha de S\u00e3o Paulo nesta ter\u00e7a-feira [&hellip;]<\/p>\n","protected":false},"author":4,"featured_media":10541,"comment_status":"closed","ping_status":"closed","sticky":false,"template":"","format":"standard","meta":{"footnotes":""},"categories":[37],"tags":[],"class_list":["post-21167","post","type-post","status-publish","format-standard","has-post-thumbnail","hentry","category-politica"],"_links":{"self":[{"href":"https:\/\/www.ocorreionews.com.br\/acervo-correio\/index.php?rest_route=\/wp\/v2\/posts\/21167","targetHints":{"allow":["GET"]}}],"collection":[{"href":"https:\/\/www.ocorreionews.com.br\/acervo-correio\/index.php?rest_route=\/wp\/v2\/posts"}],"about":[{"href":"https:\/\/www.ocorreionews.com.br\/acervo-correio\/index.php?rest_route=\/wp\/v2\/types\/post"}],"author":[{"embeddable":true,"href":"https:\/\/www.ocorreionews.com.br\/acervo-correio\/index.php?rest_route=\/wp\/v2\/users\/4"}],"replies":[{"embeddable":true,"href":"https:\/\/www.ocorreionews.com.br\/acervo-correio\/index.php?rest_route=%2Fwp%2Fv2%2Fcomments&post=21167"}],"version-history":[{"count":0,"href":"https:\/\/www.ocorreionews.com.br\/acervo-correio\/index.php?rest_route=\/wp\/v2\/posts\/21167\/revisions"}],"wp:featuredmedia":[{"embeddable":true,"href":"https:\/\/www.ocorreionews.com.br\/acervo-correio\/index.php?rest_route=\/wp\/v2\/media\/10541"}],"wp:attachment":[{"href":"https:\/\/www.ocorreionews.com.br\/acervo-correio\/index.php?rest_route=%2Fwp%2Fv2%2Fmedia&parent=21167"}],"wp:term":[{"taxonomy":"category","embeddable":true,"href":"https:\/\/www.ocorreionews.com.br\/acervo-correio\/index.php?rest_route=%2Fwp%2Fv2%2Fcategories&post=21167"},{"taxonomy":"post_tag","embeddable":true,"href":"https:\/\/www.ocorreionews.com.br\/acervo-correio\/index.php?rest_route=%2Fwp%2Fv2%2Ftags&post=21167"}],"curies":[{"name":"wp","href":"https:\/\/api.w.org\/{rel}","templated":true}]}}