{"id":211671,"date":"2022-07-13T09:07:37","date_gmt":"2022-07-13T13:07:37","guid":{"rendered":"https:\/\/www.ocorreionews.com.br\/acervo-correio\/?p=211671"},"modified":"2022-07-13T09:07:37","modified_gmt":"2022-07-13T13:07:37","slug":"filha-pede-ajuda-para-achar-idoso-com-alzheimer-que-sumiu-em-jatai","status":"publish","type":"post","link":"https:\/\/www.ocorreionews.com.br\/acervo-correio\/?p=211671","title":{"rendered":"Filha pede ajuda para achar idoso com Alzheimer que sumiu em Jata\u00ed"},"content":{"rendered":"<div class=\"mc-column content-text active-extra-styles \" data-block-type=\"unstyled\" data-block-weight=\"47\" data-block-id=\"2\">\n<p class=\"content-text__container \" data-track-category=\"Link no Texto\" data-track-links=\"\">A fam\u00edlia do aposentado Irani Frutuoso de Assis, de 76 anos, pede ajuda para encontr\u00e1-lo. Ele est\u00e1 desaparecido h\u00e1 22 dias, em Jata\u00ed, no sudoeste de Goi\u00e1s. De acordo com a filha, Keila Lima, o idoso \u00e9 portador de Alzheimer e faz uso de medica\u00e7\u00e3o controlada.<\/p>\n<\/div>\n<div class=\"wall protected-content\">\n<p class=\"content-text__container\">\n<div class=\"mc-column content-text active-extra-styles\" data-block-type=\"raw\" data-block-weight=\"27\" data-block-id=\"3\">\n<blockquote class=\"content-blockquote theme-border-color-primary-before\"><p>\u201c\u00c9 uma ang\u00fastia infinita. N\u00e3o temos pistas. A fam\u00edlia est\u00e1 completamente abalada. Os netos perguntam pelo av\u00f4 todos os dias, porque ele sempre foi muito presente\u201d, explica.<\/p><\/blockquote>\n<\/div>\n<div class=\"mc-column content-text active-extra-styles\" data-block-type=\"raw\" data-block-weight=\"6\" data-block-id=\"4\">\n<p>&nbsp;<\/p>\n<p>&nbsp;<\/p>\n<\/div>\n<div class=\"mc-column content-text active-extra-styles \" data-block-type=\"unstyled\" data-block-weight=\"37\" data-block-id=\"5\">\n<p class=\"content-text__container \" data-track-category=\"Link no Texto\" data-track-links=\"\">Segundo Keila, o pai se perdeu no caminho para casa, no \u00faltimo dia 20 de junho. Na ocasi\u00e3o, ela detalha que ele vestia uma camiseta polo azul listrada, al\u00e9m de bermuda e chinelos nos p\u00e9s.<\/p>\n<\/div>\n<div class=\"content-ads content-ads--reveal\" data-block-type=\"ads\" data-block-id=\"6\">\n<div><\/div>\n<\/div>\n<div class=\"mc-column content-text active-extra-styles\" data-block-type=\"raw\" data-block-weight=\"45\" data-block-id=\"7\">\n<p class=\"content-text__container\">\n<blockquote class=\"content-blockquote theme-border-color-primary-before\"><p>\u201cEle saiu do sal\u00e3o de costura da minha m\u00e3e e tentou ir para a casa dele, em outro bairro, e se perdeu no caminho. Acabou pegando a sa\u00edda da cidade. Meu irm\u00e3o estava vigiando ele, mas de repente ele saiu e se perdeu\u201d, lembra Keila.<\/p><\/blockquote>\n<\/div>\n<p>&nbsp;<\/p>\n<div class=\"mc-column content-text active-extra-styles \" data-block-type=\"unstyled\" data-block-weight=\"30\" data-block-id=\"8\">\n<p class=\"content-text__container \" data-track-category=\"Link no Texto\" data-track-links=\"\">Segundo Keila, tanto seu pai quanto toda sua fam\u00edlia moram em Jata\u00ed a vida inteira. Ela ainda conta que ele foi diagnosticado com Alzheimer h\u00e1 dois anos e meio.<\/p>\n<\/div>\n<div class=\"mc-column content-text active-extra-styles \" data-block-type=\"unstyled\" data-block-weight=\"2\" data-block-id=\"9\"><\/div>\n<p>&nbsp;<\/p>\n<div class=\"row medium-uncollapsed content-media content-photo\" data-block-type=\"backstage-photo\" data-block-id=\"11\">\n<div class=\"mc-column content-media__container\">\n<div class=\"content-media-container glb-skeleton-box\">\n<figure class=\"content-media-figure\">\n<p><figure style=\"width: 647px\" class=\"wp-caption aligncenter\"><img loading=\"lazy\" decoding=\"async\" class=\"i-amphtml-fill-content i-amphtml-replaced-content\" src=\"https:\/\/s2.glbimg.com\/gGDSm3CK7mSI3lBmM9R1p2zQbNM=\/0x0:1700x1065\/984x0\/smart\/filters:strip_icc()\/i.s3.glbimg.com\/v1\/AUTH_59edd422c0c84a879bd37670ae4f538a\/internal_photos\/bs\/2022\/x\/J\/0v1BwXTI2TWF1aw3A7RA\/idoso-desaparecido-em-jatai-e-sua-filha-keila-lima-em-goias.jpg\" sizes=\"auto, (max-width: 1366px) 648px, 100vw\" srcset=\"https:\/\/s2.glbimg.com\/XlbirMvnF0Nk-G6l3Eduvn8H-jI=\/0x0:1700x1065\/1000x0\/smart\/filters:strip_icc()\/i.s3.glbimg.com\/v1\/AUTH_59edd422c0c84a879bd37670ae4f538a\/internal_photos\/bs\/2022\/x\/J\/0v1BwXTI2TWF1aw3A7RA\/idoso-desaparecido-em-jatai-e-sua-filha-keila-lima-em-goias.jpg 1000w, https:\/\/s2.glbimg.com\/gGDSm3CK7mSI3lBmM9R1p2zQbNM=\/0x0:1700x1065\/984x0\/smart\/filters:strip_icc()\/i.s3.glbimg.com\/v1\/AUTH_59edd422c0c84a879bd37670ae4f538a\/internal_photos\/bs\/2022\/x\/J\/0v1BwXTI2TWF1aw3A7RA\/idoso-desaparecido-em-jatai-e-sua-filha-keila-lima-em-goias.jpg 984w, https:\/\/s2.glbimg.com\/nkXTQa2xhnE76AuhxET4lSk2RFE=\/0x0:1700x1065\/640x0\/smart\/filters:strip_icc()\/i.s3.glbimg.com\/v1\/AUTH_59edd422c0c84a879bd37670ae4f538a\/internal_photos\/bs\/2022\/x\/J\/0v1BwXTI2TWF1aw3A7RA\/idoso-desaparecido-em-jatai-e-sua-filha-keila-lima-em-goias.jpg 640w, https:\/\/s2.glbimg.com\/BWLfgmNAHFuHLnKZZ1lZ-8KaSt4=\/0x0:1700x1065\/600x0\/smart\/filters:strip_icc()\/i.s3.glbimg.com\/v1\/AUTH_59edd422c0c84a879bd37670ae4f538a\/internal_photos\/bs\/2022\/x\/J\/0v1BwXTI2TWF1aw3A7RA\/idoso-desaparecido-em-jatai-e-sua-filha-keila-lima-em-goias.jpg 600w\" alt=\"Idoso desaparecido em Jata\u00ed e sua filha, Keila Lima \u2014 Foto: Arquivo pessoal\/Keila Lima\" width=\"647\" height=\"405\" \/><figcaption class=\"wp-caption-text\">Idoso desaparecido em Jata\u00ed e sua filha, Keila Lima \u2014 Foto: Arquivo pessoal\/Keila Lima<\/figcaption><\/figure><\/figure>\n<\/div>\n<p class=\"content-media__description \">\n<\/div>\n<\/div>\n<div class=\"content-ads content-ads--reveal\" data-block-type=\"ads\" data-block-id=\"12\">\n<div><\/div>\n<\/div>\n<div class=\"mc-column content-text active-extra-styles\" data-block-type=\"raw\" data-block-weight=\"1\" data-block-id=\"13\">\n<p class=\"content-text__container\">\n<div class=\"content-intertitle\">\n<h2>Investiga\u00e7\u00e3o<\/h2>\n<\/div>\n<p>&nbsp;<\/p>\n<\/div>\n<div class=\"mc-column content-text active-extra-styles \" data-block-type=\"unstyled\" data-block-weight=\"28\" data-block-id=\"14\">\n<p class=\"content-text__container \" data-track-category=\"Link no Texto\" data-track-links=\"\">A Pol\u00edcia Civil investiga o desaparecimento. Desde ent\u00e3o, foram realizadas buscas com c\u00e3es farejadores, drones, mergulhadores e embarca\u00e7\u00f5es do Corpo de Bombeiros e helic\u00f3ptero da Pol\u00edcia Militar.<\/p>\n<p data-track-category=\"Link no Texto\" data-track-links=\"\">\n<\/div>\n<div class=\"mc-column content-text active-extra-styles \" data-block-type=\"unstyled\" data-block-weight=\"43\" data-block-id=\"15\">\n<p class=\"content-text__container \" data-track-category=\"Link no Texto\" data-track-links=\"\">De acordo com o delegado respons\u00e1vel pela investiga\u00e7\u00e3o, Agnaldo Coelho, Irani desapareceu sem nenhum tipo de objeto poss\u00edvel de ser rastreado, como ve\u00edculo, celular ou cart\u00e3o de banco, de modo que foi preciso buscar identificar os locais pelos quais ele passou.<\/p>\n<p data-track-category=\"Link no Texto\" data-track-links=\"\">\n<\/div>\n<div class=\"mc-column content-text active-extra-styles \" data-block-type=\"unstyled\" data-block-weight=\"61\" data-block-id=\"16\">\n<p class=\"content-text__container \" data-track-category=\"Link no Texto\" data-track-links=\"\">Segundo os familiares e o delegado, a \u00faltima informa\u00e7\u00e3o consistente sobre o paradeiro de Irani foi no dia 21 de junho. Logo ap\u00f3s ele ter sido filmado por uma c\u00e2mera de seguran\u00e7a passando a p\u00e9 em frente a um com\u00e9rcio da cidade no dia 20, no dia 21 ele foi visto em uma ch\u00e1cara localizada \u00e0s margens da BR-364, em Jata\u00ed.<\/p>\n<p data-track-category=\"Link no Texto\" data-track-links=\"\">\n<\/div>\n<div class=\"mc-column content-text active-extra-styles\" data-block-type=\"raw\" data-block-weight=\"14\" data-block-id=\"17\">\n<p class=\"content-text__container\">\n<blockquote class=\"content-blockquote theme-border-color-primary-before\"><p>\u201cEle comeu, pegou uma garrafa d\u2019\u00e1gua na geladeira e depois foi embora\u201d, conta Keila.<\/p><\/blockquote>\n<p>&nbsp;<\/p>\n<\/div>\n<div class=\"bs-video-block mc-column  content-media content-video\" data-block-type=\"backstage-video\" data-block-id=\"18\">\n<div class=\"content-media__container\">\n<div class=\"content-video__bigger-player-description-fixer\">\n<article class=\"content-video\">\n<section class=\"content-video__video-container\">\n<div class=\"content-video__video\">\n<div class=\"content-video__placeholder\" data-video-id=\"10704963\" data-video-has-viewport-play=\"True\"><\/div>\n<\/div>\n<\/section>\n<\/article>\n<\/div>\n<\/div>\n<\/div>\n<\/div>\n<div class=\"mc-column content-text active-extra-styles \" data-block-type=\"unstyled\" data-block-weight=\"26\" data-block-id=\"20\">\n<p class=\"content-text__container \" data-track-category=\"Link no Texto\" data-track-links=\"\">Segundo o delegado, no local, foi encontrado um bon\u00e9 que foi submetido \u00e0 per\u00edcia e comprovado que era dele, provando que Irani realmente estivera no local.<\/p>\n<p data-track-category=\"Link no Texto\" data-track-links=\"\">\n<\/div>\n<div class=\"mc-column content-text active-extra-styles \" data-block-type=\"unstyled\" data-block-weight=\"51\" data-block-id=\"21\">\n<p class=\"content-text__container \" data-track-category=\"Link no Texto\" data-track-links=\"\">Desde domingo (10), o delegado explica que a equipe policial e os familiares redirecionaram os esfor\u00e7os para a realiza\u00e7\u00e3o de buscas em Mineiros, a 100 km de dist\u00e2ncia, devido \u00e0 quantidade de alertas de pessoas que disseram ter visto um homem com caracter\u00edsticas similares \u00e0s de Irani perambulando pela cidade.<\/p>\n<p data-track-category=\"Link no Texto\" data-track-links=\"\">\n<\/div>\n<div class=\"mc-column content-text active-extra-styles \" data-block-type=\"unstyled\" data-block-weight=\"8\" data-block-id=\"22\">\n<p class=\"content-text__container \" data-track-category=\"Link no Texto\" data-track-links=\"\">Keila est\u00e1 confiante que encontrar\u00e1 o pai.<\/p>\n<p data-track-category=\"Link no Texto\" data-track-links=\"\">\n<\/div>\n<div class=\"mc-column content-text active-extra-styles\" data-block-type=\"raw\" data-block-weight=\"31\" data-block-id=\"23\">\n<p class=\"content-text__container\">\n<blockquote class=\"content-blockquote theme-border-color-primary-before\"><p>\u201cEstamos confiantes em encontr\u00e1-lo. No come\u00e7o est\u00e1vamos com medo de encontr\u00e1-lo sem vida, mas agora sabemos que provavelmente ele est\u00e1 perdido e com dificuldade de se comunicar conosco\u201d, diz a Keila.<\/p><\/blockquote>\n<p>&nbsp;<\/p>\n<\/div>\n<div class=\"mc-column content-text active-extra-styles \" data-block-type=\"unstyled\" data-block-weight=\"8\" data-block-id=\"24\">\n<p class=\"content-text__container \" data-track-category=\"Link no Texto\" data-track-links=\"\">\n<\/div>\n<div class=\"row medium-uncollapsed content-media content-photo\" data-block-type=\"backstage-photo\" data-block-id=\"25\">\n<div class=\"mc-column content-media__container\">\n<div class=\"content-media-container glb-skeleton-box\">\n<figure class=\"content-media-figure\">\n<p><figure style=\"width: 647px\" class=\"wp-caption aligncenter\"><img loading=\"lazy\" decoding=\"async\" class=\"i-amphtml-fill-content i-amphtml-replaced-content\" src=\"https:\/\/s2.glbimg.com\/yaPo3uJIG6g5GUOrvD-YtQ2zpwM=\/0x0:1700x1065\/984x0\/smart\/filters:strip_icc()\/i.s3.glbimg.com\/v1\/AUTH_59edd422c0c84a879bd37670ae4f538a\/internal_photos\/bs\/2022\/Y\/c\/RWGdABRpOA7xqU4m8alA\/idoso-desaparecido-em-jatai-em-goias.jpg\" sizes=\"auto, (max-width: 1366px) 648px, 100vw\" srcset=\"https:\/\/s2.glbimg.com\/iP0-38OqN-YicIyL4yxSqH1hHJg=\/0x0:1700x1065\/1000x0\/smart\/filters:strip_icc()\/i.s3.glbimg.com\/v1\/AUTH_59edd422c0c84a879bd37670ae4f538a\/internal_photos\/bs\/2022\/Y\/c\/RWGdABRpOA7xqU4m8alA\/idoso-desaparecido-em-jatai-em-goias.jpg 1000w, https:\/\/s2.glbimg.com\/yaPo3uJIG6g5GUOrvD-YtQ2zpwM=\/0x0:1700x1065\/984x0\/smart\/filters:strip_icc()\/i.s3.glbimg.com\/v1\/AUTH_59edd422c0c84a879bd37670ae4f538a\/internal_photos\/bs\/2022\/Y\/c\/RWGdABRpOA7xqU4m8alA\/idoso-desaparecido-em-jatai-em-goias.jpg 984w, https:\/\/s2.glbimg.com\/xxOjr0ZseXtmTM7iHIFOH370yhA=\/0x0:1700x1065\/640x0\/smart\/filters:strip_icc()\/i.s3.glbimg.com\/v1\/AUTH_59edd422c0c84a879bd37670ae4f538a\/internal_photos\/bs\/2022\/Y\/c\/RWGdABRpOA7xqU4m8alA\/idoso-desaparecido-em-jatai-em-goias.jpg 640w, https:\/\/s2.glbimg.com\/-ioVb9YbsJRYS6k_IhNcSfhnlHM=\/0x0:1700x1065\/600x0\/smart\/filters:strip_icc()\/i.s3.glbimg.com\/v1\/AUTH_59edd422c0c84a879bd37670ae4f538a\/internal_photos\/bs\/2022\/Y\/c\/RWGdABRpOA7xqU4m8alA\/idoso-desaparecido-em-jatai-em-goias.jpg 600w\" alt=\"Idoso desaparecido em Jata\u00ed, em Goi\u00e1s \u2014 Foto: Arquivo pessoal\/Keila Lima\" width=\"647\" height=\"405\" \/><figcaption class=\"wp-caption-text\">Idoso desaparecido em Jata\u00ed, em Goi\u00e1s \u2014 Foto: Arquivo pessoal\/Keila Lima<\/figcaption><\/figure><\/figure>\n<p class=\"content-publication-data__from\" title=\"Gabriela Mac\u00eado, g1 Goi\u00e1s\">Por Gabriela Mac\u00eado, g1 Goi\u00e1s<\/p>\n<\/div>\n<\/div>\n<p class=\"content-media__description \">\n<\/div>\n","protected":false},"excerpt":{"rendered":"<p>A fam\u00edlia do aposentado Irani Frutuoso de Assis, de 76 anos, pede ajuda para encontr\u00e1-lo. Ele est\u00e1 desaparecido h\u00e1 22 dias, em Jata\u00ed, no sudoeste de Goi\u00e1s. De acordo com a filha, Keila Lima, o idoso \u00e9 portador de Alzheimer e faz uso de medica\u00e7\u00e3o controlada. \u201c\u00c9 uma ang\u00fastia infinita. N\u00e3o temos pistas. A fam\u00edlia [&hellip;]<\/p>\n","protected":false},"author":5,"featured_media":211673,"comment_status":"closed","ping_status":"closed","sticky":false,"template":"","format":"standard","meta":{"footnotes":""},"categories":[38],"tags":[],"class_list":["post-211671","post","type-post","status-publish","format-standard","has-post-thumbnail","hentry","category-policia"],"_links":{"self":[{"href":"https:\/\/www.ocorreionews.com.br\/acervo-correio\/index.php?rest_route=\/wp\/v2\/posts\/211671","targetHints":{"allow":["GET"]}}],"collection":[{"href":"https:\/\/www.ocorreionews.com.br\/acervo-correio\/index.php?rest_route=\/wp\/v2\/posts"}],"about":[{"href":"https:\/\/www.ocorreionews.com.br\/acervo-correio\/index.php?rest_route=\/wp\/v2\/types\/post"}],"author":[{"embeddable":true,"href":"https:\/\/www.ocorreionews.com.br\/acervo-correio\/index.php?rest_route=\/wp\/v2\/users\/5"}],"replies":[{"embeddable":true,"href":"https:\/\/www.ocorreionews.com.br\/acervo-correio\/index.php?rest_route=%2Fwp%2Fv2%2Fcomments&post=211671"}],"version-history":[{"count":1,"href":"https:\/\/www.ocorreionews.com.br\/acervo-correio\/index.php?rest_route=\/wp\/v2\/posts\/211671\/revisions"}],"predecessor-version":[{"id":211674,"href":"https:\/\/www.ocorreionews.com.br\/acervo-correio\/index.php?rest_route=\/wp\/v2\/posts\/211671\/revisions\/211674"}],"wp:featuredmedia":[{"embeddable":true,"href":"https:\/\/www.ocorreionews.com.br\/acervo-correio\/index.php?rest_route=\/wp\/v2\/media\/211673"}],"wp:attachment":[{"href":"https:\/\/www.ocorreionews.com.br\/acervo-correio\/index.php?rest_route=%2Fwp%2Fv2%2Fmedia&parent=211671"}],"wp:term":[{"taxonomy":"category","embeddable":true,"href":"https:\/\/www.ocorreionews.com.br\/acervo-correio\/index.php?rest_route=%2Fwp%2Fv2%2Fcategories&post=211671"},{"taxonomy":"post_tag","embeddable":true,"href":"https:\/\/www.ocorreionews.com.br\/acervo-correio\/index.php?rest_route=%2Fwp%2Fv2%2Ftags&post=211671"}],"curies":[{"name":"wp","href":"https:\/\/api.w.org\/{rel}","templated":true}]}}