{"id":21169,"date":"2016-02-23T08:41:17","date_gmt":"2016-02-23T12:41:17","guid":{"rendered":"https:\/\/ocorreionews.com.br\/?p=21169"},"modified":"2016-02-23T08:41:17","modified_gmt":"2016-02-23T12:41:17","slug":"sindicato-rural-e-fundacao-chapadao-apresentaram-tour-sojailp-f-2016-em-paranaiba","status":"publish","type":"post","link":"https:\/\/www.ocorreionews.com.br\/acervo-correio\/?p=21169","title":{"rendered":"Sindicato Rural e Funda\u00e7\u00e3o Chapad\u00e3o apresentaram Tour Soja\/ILP-F 2016 em Parana\u00edba"},"content":{"rendered":"<p>Foi realizado no dia 20 de fevereiro (s\u00e1bado) na parte da manh\u00e3 um \u201cDia de Campo\u201d na Fazenda Mascote de propriedade de Milton Macedo Br 483 &#8211; Km 4\u00a0 que faz parte do Tour da Funda\u00e7\u00e3o Chapad\u00e3o Soja\/Integra\u00e7\u00e3o Lavoura Pecu\u00e1ria e Floresta (ILP-F 2016). O evento \u00e9 uma parceria do Sindicato Rural de Parana\u00edba,Funda\u00e7\u00e3o Chapad\u00e3o e Aprosoja\/MS. Ap\u00f3s um caf\u00e9 da manh\u00e3, os propriet\u00e1rios da fazenda Milton e seu filho F\u00e1bio Macedo (vice-presidente do Sindicato Rural) deram as boas vindas aos presentes. Estiveram presentes no evento: o presidente da Aprosoja\/MS Cristiano Bortolotto, o palestrante Marcelo Valentini Arf, o presidente do Sindicato Wilberto Ant\u00f4nio de Amaral, o presidente da Coopar Diom\u00e1rio Salustiano, vereadores, representantes do Banco do Brasil e Sicredi, al\u00e9m de pecuaristas e agricultores.<a href=\"https:\/\/ocorreionews.com.br\/wp-content\/uploads\/2016\/02\/tour-soja-pba2.jpg\" rel=\"attachment wp-att-21171\"><img loading=\"lazy\" decoding=\"async\" class=\"size-medium wp-image-21171 alignright\" src=\"https:\/\/ocorreionews.com.br\/wp-content\/uploads\/2016\/02\/tour-soja-pba2-300x218.jpg\" alt=\"tour soja pba2\" width=\"300\" height=\"218\" srcset=\"https:\/\/www.ocorreionews.com.br\/acervo-correio\/wp-content\/uploads\/2016\/02\/tour-soja-pba2-300x218.jpg 300w, https:\/\/www.ocorreionews.com.br\/acervo-correio\/wp-content\/uploads\/2016\/02\/tour-soja-pba2.jpg 320w\" sizes=\"auto, (max-width: 300px) 100vw, 300px\" \/><\/a><\/p>\n<p>De acordo com o presidente do sindicato Wilberto, a ideia \u00e9 mostrar uma gama de possibilidades existentes no mercado e qual melhor est\u00e1 se adaptando ao solo e ao clima de Parana\u00edba. \u201cO objetivo dessa parceria \u00e9 promover e divulgar a cultura da soja no munic\u00edpio, possibilitando a explora\u00e7\u00e3o dessa atividade\u201d, explica Wilberto.<\/p>\n<p>\u201cA parceria entre o Sindicato, a Funda\u00e7\u00e3o e a Associa\u00e7\u00e3o garante aos produtores rurais da regi\u00e3o alternativas transformadoras para o desenvolvimento da agricultura, com possibilidades reais de produzir mais e melhor, priorizando a sustentabilidade. O encontro entre os profissionais da \u00e1rea e o agricultor permite a troca de experi\u00eancias e potencializa os resultados para a pr\u00f3xima safra do gr\u00e3o\u201d, ressalta o presidente da Aprosoja\/MS, Christiano Bortolotto. Marcelo explicou que o objetivo deste Tour \u00e9 &#8220;conhecer diferentes variedades de soja, sistemas de irriga\u00e7\u00e3o para lavouras e informa\u00e7\u00f5es antecipadas para a pr\u00f3xima safra de soja.<\/p>\n<p>A Funda\u00e7\u00e3o Chapad\u00e3o atrav\u00e9s do engenheiro Jefferson Luis Anselmo que acompanhou todo o processo, esteve apresentando aos presentes as cultivares de soja que fazem parte do experimento e que est\u00e1 sendo realizado pelo terceiro ano consecutivo. S\u00e3o 40 cultivares de soja, sendo : 16 cultivares RR\u00a0 e 24 Cultivares Intacta RR2 Pro. Esta soja foi plantada em duas \u00e9pocas; uma no come\u00e7o de novembro\/2015 e a outra na segunda metade de novembro, sendo as mesmas variedades e na mesma sequ\u00eancia. As lavouras foram cultivadas pelos t\u00e9cnicos da Funda\u00e7\u00e3o Chapad\u00e3o, com apoio do Sindicato Rural de Parana\u00edba. Tamb\u00e9m estiveram presentes as empresas participantes deste experimento que apresentaram seus produtos e as caracter\u00edsticas de cada variedade.<\/p>\n<p><strong><a href=\"https:\/\/ocorreionews.com.br\/wp-content\/uploads\/2016\/02\/tour-soja-pba3.jpg\" rel=\"attachment wp-att-21172\"><img loading=\"lazy\" decoding=\"async\" class=\"size-medium wp-image-21172 alignleft\" src=\"https:\/\/ocorreionews.com.br\/wp-content\/uploads\/2016\/02\/tour-soja-pba3-300x200.jpg\" alt=\"tour soja pba3\" width=\"300\" height=\"200\" srcset=\"https:\/\/www.ocorreionews.com.br\/acervo-correio\/wp-content\/uploads\/2016\/02\/tour-soja-pba3-300x200.jpg 300w, https:\/\/www.ocorreionews.com.br\/acervo-correio\/wp-content\/uploads\/2016\/02\/tour-soja-pba3.jpg 320w\" sizes=\"auto, (max-width: 300px) 100vw, 300px\" \/><\/a>Experimentos em Parana\u00edba<\/strong><\/p>\n<p>Segundo F\u00e1bio Macedo, produtor rural, veterin\u00e1rio, filho de Milton Macedo e respons\u00e1vel pela Fazenda Mascote, \u201cno primeiro ano do experimento o desempenho foi normal, no segundo ano a produtividade do canteiro experimental j\u00e1 foi acima da m\u00e9dia do estado, e neste ano (normal de chuva) a soja est\u00e1 muito boa, o resultado com certeza vai ser excelente\u201d, afirmou F\u00e1bio. \u201cA colheita dever\u00e1 ser realizada por volta de 15 de mar\u00e7o e da\u00ed teremos o resultado final\u201d.<\/p>\n<p><strong>Tour da Soja 2016<\/strong><\/p>\n<p>O Tour teve in\u00edcio na\u00a0 quinta-feira, dia 04 de fevereiro, com palestra a campo na Fazenda Maraney, em Chapad\u00e3o do C\u00e9u (GO).<\/p>\n<p>Veja abaixo os locais dos experimentos, que ser\u00e3o visitados pelo tour:<\/p>\n<p>*04 de Fevereiro, Fazenda Maraney, em Chapad\u00e3o do C\u00e9u (GO);<\/p>\n<p>*16 de Fevereiro, Fazenda Nova Fran\u00e7a, Ba\u00fas\/Costa Rica (MS);<\/p>\n<p>*18 de Fevereiro, Fazenda Santo Anast\u00e1cio, Aparecida do Taboado (MS);<\/p>\n<p>*20 de Fevereiro, Fazenda Mascote, Parana\u00edba (MS);<\/p>\n<p>*24 de Fevereiro, Fazenda Kirei, Para\u00edso das \u00c1guas (MS);<\/p>\n<p>*10 de Mar\u00e7o, Funda\u00e7\u00e3o Chapad\u00e3o, Chapad\u00e3o do Sul (MS).<\/p>\n<p><strong>Tecnoagro 2016<\/strong><\/p>\n<p>Vai estar acontecendo nos dias 16 e 17 de mar\u00e7o a feira Tecnoagro 2016 um evento realizado pela Funda\u00e7\u00e3o Chapad\u00e3o. Maiores detalhes no site http:\/\/www.tecnoagro2016.com.br\/ ou pelo telefone: (67) 3562-2032.<\/p>\n<p>&nbsp;<\/p>\n<p>&nbsp;<\/p>\n<p>Fonte: Assessoria de Imprensa do Sindicato Rural de Parana\u00edba<\/p>\n","protected":false},"excerpt":{"rendered":"<p>Foi realizado no dia 20 de fevereiro (s\u00e1bado) na parte da manh\u00e3 um \u201cDia de Campo\u201d na Fazenda Mascote de propriedade de Milton Macedo Br 483 &#8211; Km 4\u00a0 que faz parte do Tour da Funda\u00e7\u00e3o Chapad\u00e3o Soja\/Integra\u00e7\u00e3o Lavoura Pecu\u00e1ria e Floresta (ILP-F 2016). O evento \u00e9 uma parceria do Sindicato Rural de Parana\u00edba,Funda\u00e7\u00e3o Chapad\u00e3o [&hellip;]<\/p>\n","protected":false},"author":4,"featured_media":21170,"comment_status":"closed","ping_status":"closed","sticky":false,"template":"","format":"standard","meta":{"footnotes":""},"categories":[17],"tags":[],"class_list":["post-21169","post","type-post","status-publish","format-standard","has-post-thumbnail","hentry","category-agropecuaria"],"_links":{"self":[{"href":"https:\/\/www.ocorreionews.com.br\/acervo-correio\/index.php?rest_route=\/wp\/v2\/posts\/21169","targetHints":{"allow":["GET"]}}],"collection":[{"href":"https:\/\/www.ocorreionews.com.br\/acervo-correio\/index.php?rest_route=\/wp\/v2\/posts"}],"about":[{"href":"https:\/\/www.ocorreionews.com.br\/acervo-correio\/index.php?rest_route=\/wp\/v2\/types\/post"}],"author":[{"embeddable":true,"href":"https:\/\/www.ocorreionews.com.br\/acervo-correio\/index.php?rest_route=\/wp\/v2\/users\/4"}],"replies":[{"embeddable":true,"href":"https:\/\/www.ocorreionews.com.br\/acervo-correio\/index.php?rest_route=%2Fwp%2Fv2%2Fcomments&post=21169"}],"version-history":[{"count":0,"href":"https:\/\/www.ocorreionews.com.br\/acervo-correio\/index.php?rest_route=\/wp\/v2\/posts\/21169\/revisions"}],"wp:featuredmedia":[{"embeddable":true,"href":"https:\/\/www.ocorreionews.com.br\/acervo-correio\/index.php?rest_route=\/wp\/v2\/media\/21170"}],"wp:attachment":[{"href":"https:\/\/www.ocorreionews.com.br\/acervo-correio\/index.php?rest_route=%2Fwp%2Fv2%2Fmedia&parent=21169"}],"wp:term":[{"taxonomy":"category","embeddable":true,"href":"https:\/\/www.ocorreionews.com.br\/acervo-correio\/index.php?rest_route=%2Fwp%2Fv2%2Fcategories&post=21169"},{"taxonomy":"post_tag","embeddable":true,"href":"https:\/\/www.ocorreionews.com.br\/acervo-correio\/index.php?rest_route=%2Fwp%2Fv2%2Ftags&post=21169"}],"curies":[{"name":"wp","href":"https:\/\/api.w.org\/{rel}","templated":true}]}}