{"id":21177,"date":"2016-02-23T09:13:54","date_gmt":"2016-02-23T13:13:54","guid":{"rendered":"https:\/\/ocorreionews.com.br\/?p=21177"},"modified":"2016-02-23T09:13:54","modified_gmt":"2016-02-23T13:13:54","slug":"secretario-de-ms-diz-que-nao-tem-vaga-de-uti-em-hospital-particular","status":"publish","type":"post","link":"https:\/\/www.ocorreionews.com.br\/acervo-correio\/?p=21177","title":{"rendered":"Secret\u00e1rio de MS diz que n\u00e3o tem vaga de UTI em hospital particular"},"content":{"rendered":"<p>O secret\u00e1rio estadual de Sa\u00fade, Nelson Tavares, afirmou que a falta de vagas em Unidade de Terapia Intensiva (UTI) n\u00e3o \u00e9 situa\u00e7\u00e3o apenas nos hospitais p\u00fablicos, mas tamb\u00e9m na rede privada. Por causa desse problema, um idoso de 62 anos morreu ao esperar por oito horas uma vaga de UTI no Hospital Universit\u00e1rio de Campo Grande nesta segunda-feira (22).<\/p>\n<p>\u201cPorque o privado tamb\u00e9m n\u00e3o tem dispon\u00edvel. Esse paciente, absolutamente, se dependesse de uma solicita\u00e7\u00e3o na \u00e1rea privada que fosse salvar a vida dele, isso teria sido feito\u201d, explicou o secret\u00e1rio.<\/p>\n<div class=\"foto componente_materia midia-largura-300\">\n<figure style=\"width: 300px\" class=\"wp-caption alignleft\"><img loading=\"lazy\" decoding=\"async\" title=\"Secret\u00e1rio de Sa\u00fade explica que recorre \u00e0 vaga zero em casos graves (Foto: Reprodu\u00e7\u00e3o TV Morena)\" src=\"http:\/\/s2.glbimg.com\/8oxldusL07Dae7sIGFZw2c4t73k=\/300x225\/s.glbimg.com\/jo\/g1\/f\/original\/2016\/02\/22\/nelson_tavares.jpg\" alt=\"Secret\u00e1rio de Sa\u00fade explica que recorre \u00e0 vaga zero em casos graves (Foto: Reprodu\u00e7\u00e3o TV Morena)\" width=\"300\" height=\"225\" \/><figcaption class=\"wp-caption-text\">Secret\u00e1rio de Sa\u00fade explica que recorre \u00e0 vaga zero em casos graves (Foto: Reprodu\u00e7\u00e3o TV Morena)<\/figcaption><\/figure>\n<\/div>\n<p>Sebasti\u00e3o Nogueira da Silva foi internado na manh\u00e3 de domingo em Costa Rica, munic\u00edpio distante 338 quil\u00f4metros da capital de Mato Grosso do Sul, e por causa de uma insufici\u00eancia respirat\u00f3ria, teve de ser transferido.<\/p>\n<p>A confus\u00e3o come\u00e7ou quando o paciente chegou ao HU depois de quatro horas de viagem. O hospital mostrou \u00e0 fam\u00edlia o documento negando o pedido da Secretaria Municipal de Sa\u00fade para transferir o paciente. Mas a fam\u00edlia tinha o mesmo documento, emitido poucos minutos depois, autorizando a mudan\u00e7a para a capital.<\/p>\n<p>\u201cIsso acontece por um desrespeito das duas centrais de regula\u00e7\u00e3o, principalmente a estadual em que isso ocorre quase que diariamente\u201d, afirmou a diretora t\u00e9cnica do HU, Ana L\u00facia Lyrio.<\/p>\n<p>O Ti\u00e3o da Pipoca lutava contra o c\u00e2ncer de sangue e passou mal. Em casos graves como do Sebasti\u00e3o, o paciente \u00e9 transferido para uma UTI mesmo sem vaga aberta. Segundo o secret\u00e1rio, \u00e9 a transfer\u00eancia sem vaga garantida. Na pr\u00e1tica era para ser uma exce\u00e7\u00e3o, mas tem se tornado regra.<\/p>\n<p>\u201cMesmo que n\u00e3o se tenha vaga aqui em Campo Grande que \u00e9 a refer\u00eancia dele, a Central autoriza o transporte. Eventualmente, nessas quatros horas voc\u00ea consegue viabilizar uma vaga. Se n\u00e3o conseguir viabilizar uma vaga, o lugar mais seguro para o paciente ficar \u00e9 na ambul\u00e2ncia\u201d, pontuou o secret\u00e1rio.<\/p>\n<p>Hoje no HU s\u00e3o 34 pacientes internados no corredor. Alguns em camas hospitalares, outros em macas do Servi\u00e7o de Atendimento M\u00f3vel de Urg\u00eancia (Samu) que n\u00e3o s\u00e3o devolvidas porque o paciente precisa ficar nelas. Tem pessoas doentes at\u00e9 em cadeiras esperando por um leito.<\/p>\n<p><strong>Pedido<\/strong><br \/>\n\u00c0s 9h30 de domingo foi feito o pedido de vaga \u00e0 Central de Regula\u00e7\u00e3o. \u00c0s 10h48 saiu o n\u00famero da senha e \u00e0s 11h a resposta: a transfer\u00eancia n\u00e3o foi autorizada, mas, mesmo assim, o paciente foi transferido por estar em situa\u00e7\u00e3o de vaga zero.<\/p>\n<p>Um outro documento entregue para a fam\u00edlia do paciente mostra que a transfer\u00eancia de Costa Rica para Campo Grande foi autorizada para central de regula\u00e7\u00e3o de Mato Grosso do Sul \u00e0s 11h16 (de MS) de domingo (21).<\/p>\n<p>O paciente morreu na madrugada de segunda-feira (22), no Hospital Regional, para onde foi transferido ap\u00f3s ficar oito horas dentro de uma ambul\u00e2ncia em frente ao HU \u00e0 espera de vaga em UTI.<\/p>\n<p>Segundo informa\u00e7\u00f5es da fam\u00edlia da v\u00edtima, Sebasti\u00e3o Nogueira da Silva, de 62 anos, precisava de interna\u00e7\u00e3o por conta de uma insufici\u00eancia respirat\u00f3ria aguda.<\/p>\n<div class=\"foto componente_materia midia-largura-300\">\n<figure style=\"width: 300px\" class=\"wp-caption alignleft\"><img loading=\"lazy\" decoding=\"async\" title=\"Macas do Samu s\u00e3o retidas por falta de leitos no HU de Campo Grande (Foto: Reprodu\u00e7\u00e3o TV Morena)\" src=\"http:\/\/s2.glbimg.com\/yvq2r6MV4dTvLoVPAT-C0YUYK_g=\/300x225\/s.glbimg.com\/jo\/g1\/f\/original\/2016\/02\/22\/maca_samu.jpg\" alt=\"Macas do Samu s\u00e3o retidas por falta de leitos no HU de Campo Grande (Foto: Reprodu\u00e7\u00e3o TV Morena)\" width=\"300\" height=\"225\" \/><figcaption class=\"wp-caption-text\">Macas do Samu s\u00e3o retidas por falta de leitos no HU de Campo Grande (Foto: Reprodu\u00e7\u00e3o TV Morena)<\/figcaption><\/figure>\n<\/div>\n<p><strong>Inqu\u00e9rito policial<\/strong><br \/>\nEnquanto aguardava libera\u00e7\u00e3o de vaga, a fam\u00edlia do paciente foi at\u00e9 a Delegacia de Pronto Atendimento Comunit\u00e1rio (Depac) Piratininga para denunciar o caso por volta das 22h30 de domingo.<\/p>\n<p>Um boletim de ocorr\u00eancia por omiss\u00e3o de socorro foi registrado e o delegado de plant\u00e3o, Hoffman D&#8217;\u00e1vila, foi at\u00e9 o hospital verificar a den\u00fancia. No local, ele informou que n\u00e3o ficou caracterizada a situa\u00e7\u00e3o de omiss\u00e3o de socorro, j\u00e1 que o paciente recebeu atendimento e conseguiu a transfer\u00eancia em seguida.<\/p>\n<p>Ainda conforme o delegado, Sebasti\u00e3o teve uma parada card\u00edaca enquanto aguardava dentro da UTI m\u00f3vel no hospital. Caso a ambul\u00e2ncia fosse desligada ou ficasse sem gasolina, os equipamentos que mantinham o paciente estabilizado parariam de funcionar.<\/p>\n<p>&#8220;Nesse caso, se for instaurado inqu\u00e9rito, a delegacia competente que far\u00e1 a investiga\u00e7\u00e3o ter\u00e1 que apurar a rela\u00e7\u00e3o do nexo causal da morte com a omiss\u00e3o de socorro&#8221;, finalizou o delegado.<\/p>\n<p>&nbsp;<\/p>\n<p>&nbsp;<\/p>\n<p>G1 MS<\/p>\n","protected":false},"excerpt":{"rendered":"<p>O secret\u00e1rio estadual de Sa\u00fade, Nelson Tavares, afirmou que a falta de vagas em Unidade de Terapia Intensiva (UTI) n\u00e3o \u00e9 situa\u00e7\u00e3o apenas nos hospitais p\u00fablicos, mas tamb\u00e9m na rede privada. Por causa desse problema, um idoso de 62 anos morreu ao esperar por oito horas uma vaga de UTI no Hospital Universit\u00e1rio de Campo [&hellip;]<\/p>\n","protected":false},"author":4,"featured_media":21178,"comment_status":"closed","ping_status":"closed","sticky":false,"template":"","format":"standard","meta":{"footnotes":""},"categories":[39],"tags":[],"class_list":["post-21177","post","type-post","status-publish","format-standard","has-post-thumbnail","hentry","category-saude"],"_links":{"self":[{"href":"https:\/\/www.ocorreionews.com.br\/acervo-correio\/index.php?rest_route=\/wp\/v2\/posts\/21177","targetHints":{"allow":["GET"]}}],"collection":[{"href":"https:\/\/www.ocorreionews.com.br\/acervo-correio\/index.php?rest_route=\/wp\/v2\/posts"}],"about":[{"href":"https:\/\/www.ocorreionews.com.br\/acervo-correio\/index.php?rest_route=\/wp\/v2\/types\/post"}],"author":[{"embeddable":true,"href":"https:\/\/www.ocorreionews.com.br\/acervo-correio\/index.php?rest_route=\/wp\/v2\/users\/4"}],"replies":[{"embeddable":true,"href":"https:\/\/www.ocorreionews.com.br\/acervo-correio\/index.php?rest_route=%2Fwp%2Fv2%2Fcomments&post=21177"}],"version-history":[{"count":0,"href":"https:\/\/www.ocorreionews.com.br\/acervo-correio\/index.php?rest_route=\/wp\/v2\/posts\/21177\/revisions"}],"wp:featuredmedia":[{"embeddable":true,"href":"https:\/\/www.ocorreionews.com.br\/acervo-correio\/index.php?rest_route=\/wp\/v2\/media\/21178"}],"wp:attachment":[{"href":"https:\/\/www.ocorreionews.com.br\/acervo-correio\/index.php?rest_route=%2Fwp%2Fv2%2Fmedia&parent=21177"}],"wp:term":[{"taxonomy":"category","embeddable":true,"href":"https:\/\/www.ocorreionews.com.br\/acervo-correio\/index.php?rest_route=%2Fwp%2Fv2%2Fcategories&post=21177"},{"taxonomy":"post_tag","embeddable":true,"href":"https:\/\/www.ocorreionews.com.br\/acervo-correio\/index.php?rest_route=%2Fwp%2Fv2%2Ftags&post=21177"}],"curies":[{"name":"wp","href":"https:\/\/api.w.org\/{rel}","templated":true}]}}