{"id":21185,"date":"2016-02-23T09:42:10","date_gmt":"2016-02-23T13:42:10","guid":{"rendered":"https:\/\/ocorreionews.com.br\/?p=21185"},"modified":"2016-02-23T09:42:10","modified_gmt":"2016-02-23T13:42:10","slug":"coordenador-do-procon-de-costa-rica-alerta-consumidores-sobre-vendas-de-ambulantes","status":"publish","type":"post","link":"https:\/\/www.ocorreionews.com.br\/acervo-correio\/?p=21185","title":{"rendered":"Coordenador do PROCON de Costa Rica alerta consumidores sobre vendas de ambulantes"},"content":{"rendered":"<div class=\"marginBottom30px link-Internas\">\n<p>O coordenador do PROCON &#8211; Programa de Prote\u00e7\u00e3o e Defesa do Consumidor &#8211; de Costa Rica\/MS, advogado Walder Freitas, faz um alerta \u00e0 popula\u00e7\u00e3o costarriquense e regi\u00e3o, sobre preju\u00edzos que diversos consumidores locais est\u00e3o sofrendo ao comprar colch\u00f5es massageadores, cujas vendas s\u00e3o realizadas por ambulantes porta a porta.<\/p>\n<p>Conforme Walder Freitas estes vendedores est\u00e3o &#8220;agindo de m\u00e1 f\u00e9 com os consumidores. Em um curto per\u00edodo de tempo, o PROCON recebeu 10 reclama\u00e7\u00f5es da venda desses colch\u00f5es massageadores na cidade. Os ambulantes abordam os consumidores, persuadindo-os a assinar contratos de compras dos colch\u00f5es massageadores no valor de R$ 2 mil a R$ 2.500,00, valor extremamente superior ao pre\u00e7o de mercado sendo ele de R$ 150,00 a R$ 230,00 no m\u00e1ximo\u201d, declara.<\/p>\n<p>O PROCON de Costa Rica faz em m\u00e9dia de 15 a 18 atendimentos por dia. Recentemente, tem recebido alto n\u00famero de reclama\u00e7\u00f5es de vendas de produtos na porta de resid\u00eancias feitas por vendedores ambulantes. Walder Freitas alerta os consumidores para que fiquem atentos ao pre\u00e7o e qualidade da mercadoria.<\/p>\n<p>\u201cO mais credit\u00f3rio \u00e9 comprar produtos do com\u00e9rcio local, pois assim o cliente recebe nota fiscal e pode reclamar com mais seguran\u00e7a\u201d, indica Walder Freitas que complementa \u201co campe\u00e3o de reclama\u00e7\u00f5es no PROCON de Costa Rica \u00e9 a compra de produtos em sites falsos. At\u00e9 mesmo em p\u00e1ginas de rede social como o Facebook, possui links de sites falsos\u201d.<\/p>\n<p>Ainda segundo o coordenador do PROCON, \u201cos consumidores devem estar atentos em algumas informa\u00e7\u00f5es, como por exemplo, h\u00e1 quanto tempo \u00e0 loja ou site est\u00e1 funcionando, pesquisar o CNPJ e conferir em sites como o Site Reclame Aqui, que possui diversas informa\u00e7\u00f5es de sites e classifica-os em \u00f3timo, bom, regular, ruim e n\u00e3o recomendado\u201d, orienta.<\/p>\n<p>Caso se sinta lesado na compra de produtos ou contrata\u00e7\u00e3o de servi\u00e7os, o consumidor deve comparecer \u00e0 sede do PROCON que fica localizado na Avenida\u00a0Jos\u00e9 Narciso Tot\u00f3, n\u00ba. 400. \u00c9 importante levar toda a documenta\u00e7\u00e3o referente ao caso.<\/p>\n<p>O PROCON tem a fun\u00e7\u00e3o de coordenar e fiscalizar as rela\u00e7\u00f5es de consumo na cidade e regi\u00e3o. O departamento tamb\u00e9m \u00e9 respons\u00e1vel pela orienta\u00e7\u00e3o do consumidor sobre seus direitos e deveres. Sua atividade est\u00e1 prevista no C\u00f3digo de Defesa do Consumidor, Lei N\u00b0 8.078 de 11 de setembro de 1990. \u00c9 ligado ao Minist\u00e9rio da Justi\u00e7a, integrando o Sistema Nacional de Defesa do Consumidor e subordinado administrativamente a Administra\u00e7\u00e3o Municipal.<\/p>\n<p>O hor\u00e1rio de funcionamento do PROCON \u00e9 de segunda a sexta-feira das 7h \u00e0s 11h e das 13h \u00e0s 17h. Para mais informa\u00e7\u00f5es ligue (67) 3247 1267.<\/p>\n<\/div>\n<p>&nbsp;<\/p>\n<div class=\"marginBottom30px link-Internas\">ASSECOM &#8211; PMCR<\/div>\n","protected":false},"excerpt":{"rendered":"<p>O coordenador do PROCON &#8211; Programa de Prote\u00e7\u00e3o e Defesa do Consumidor &#8211; de Costa Rica\/MS, advogado Walder Freitas, faz um alerta \u00e0 popula\u00e7\u00e3o costarriquense e regi\u00e3o, sobre preju\u00edzos que diversos consumidores locais est\u00e3o sofrendo ao comprar colch\u00f5es massageadores, cujas vendas s\u00e3o realizadas por ambulantes porta a porta. Conforme Walder Freitas estes vendedores est\u00e3o &#8220;agindo [&hellip;]<\/p>\n","protected":false},"author":4,"featured_media":21186,"comment_status":"closed","ping_status":"closed","sticky":false,"template":"","format":"standard","meta":{"footnotes":""},"categories":[25],"tags":[],"class_list":["post-21185","post","type-post","status-publish","format-standard","has-post-thumbnail","hentry","category-costa-rica"],"_links":{"self":[{"href":"https:\/\/www.ocorreionews.com.br\/acervo-correio\/index.php?rest_route=\/wp\/v2\/posts\/21185","targetHints":{"allow":["GET"]}}],"collection":[{"href":"https:\/\/www.ocorreionews.com.br\/acervo-correio\/index.php?rest_route=\/wp\/v2\/posts"}],"about":[{"href":"https:\/\/www.ocorreionews.com.br\/acervo-correio\/index.php?rest_route=\/wp\/v2\/types\/post"}],"author":[{"embeddable":true,"href":"https:\/\/www.ocorreionews.com.br\/acervo-correio\/index.php?rest_route=\/wp\/v2\/users\/4"}],"replies":[{"embeddable":true,"href":"https:\/\/www.ocorreionews.com.br\/acervo-correio\/index.php?rest_route=%2Fwp%2Fv2%2Fcomments&post=21185"}],"version-history":[{"count":0,"href":"https:\/\/www.ocorreionews.com.br\/acervo-correio\/index.php?rest_route=\/wp\/v2\/posts\/21185\/revisions"}],"wp:featuredmedia":[{"embeddable":true,"href":"https:\/\/www.ocorreionews.com.br\/acervo-correio\/index.php?rest_route=\/wp\/v2\/media\/21186"}],"wp:attachment":[{"href":"https:\/\/www.ocorreionews.com.br\/acervo-correio\/index.php?rest_route=%2Fwp%2Fv2%2Fmedia&parent=21185"}],"wp:term":[{"taxonomy":"category","embeddable":true,"href":"https:\/\/www.ocorreionews.com.br\/acervo-correio\/index.php?rest_route=%2Fwp%2Fv2%2Fcategories&post=21185"},{"taxonomy":"post_tag","embeddable":true,"href":"https:\/\/www.ocorreionews.com.br\/acervo-correio\/index.php?rest_route=%2Fwp%2Fv2%2Ftags&post=21185"}],"curies":[{"name":"wp","href":"https:\/\/api.w.org\/{rel}","templated":true}]}}