{"id":21210,"date":"2016-02-23T13:43:06","date_gmt":"2016-02-23T17:43:06","guid":{"rendered":"https:\/\/ocorreionews.com.br\/?p=21210"},"modified":"2016-02-23T13:43:06","modified_gmt":"2016-02-23T17:43:06","slug":"nota-de-agradecimento-3","status":"publish","type":"post","link":"https:\/\/www.ocorreionews.com.br\/acervo-correio\/?p=21210","title":{"rendered":"NOTA DE AGRADECIMENTO"},"content":{"rendered":"<p>Em nome do povo costarriquense, agrade\u00e7o a equipe m\u00e9dica plantonista da FHCR &#8211; Funda\u00e7\u00e3o Hospitalar de Costa Rica\/MS \u2013 Doutor Ricardo Coutrim, a enfermeira Katialyne Rezende e o motorista da ambul\u00e2ncia Ailtu Pereira de Souza. Quero aqui parabeniza e agradece mais uma vez o empenho desta maravilhosa equipe que n\u00e3o mede esfor\u00e7os para salvar vidas!<\/p>\n<p>Ao Wesley Campos da Silva e Tatiane Maria Campos Silva Rodrigues, filhos do senhor Sebasti\u00e3o Nogueira da Silva, 62 anos (in memorian) que vivenciaram as longas horas de angustia na porta do HU \u2013 Hospital Universit\u00e1rio &#8211; at\u00e9 conseguirmos com interven\u00e7\u00e3o policial \u2013 n\u00e3o posso deixar aqui de agradecer o delegado de Pol\u00edcia Civil Hoffman D&#8217;avila &#8211; mesmo que tarde demais, a vaga para o paciente no HR \u2013 Hospital Regional e ao promotor de Justi\u00e7a de Costa Rica Bol\u00edvar Lu\u00eds da Costa Vieira pelas s\u00e1bias orienta\u00e7\u00f5es.<\/p>\n<p>Aos ve\u00edculos de Comunica\u00e7\u00e3o do Estado de Mato Grosso do Sul TV Morena, TV Record, G1\/MS, Campo Grande News, Midiamax News, Correio do Estado, R\u00e1dio Grande FM, R\u00e1dio Cidade FM 106,5, RCR Band, R\u00e1dio Comunit\u00e1ria, R\u00e1dio Portal News, Caarap\u00f3 News, Di\u00e1rio Digital, O Estado Online, 24 Horas News, IDEST, Costa Rica em Foco, Hora da Not\u00edcia, MS Todo Dia, O Correio News, e ainda o G1\/Nacional, Globo.com, e outros tantos, que reconheceram o trabalho de nossa equipe na luta para salvar a vida do senhor Ti\u00e3o Pipoca como era carinhosamente chamado pelos clientes e amigos.<\/p>\n<p>Aos vereadores da C\u00e2mara de Costa Rica Averaldo Barbosa da Costa (presidente) Jovenaldo Francisco dos Santos (2\u00b0 secret\u00e1rio), Aurea Maria Frezarin Rosa (primeira-dama e 1\u00aa secret\u00e1ria), Ivanildo Ferrari \u2018Did\u00e3o\u2019, Lucas L\u00e1zaro Gerolomo (l\u00edder do prefeito), Jos\u00e9 Augusto Maia Vasconcellos (vice-l\u00edder do prefeito) e Rayner Moraes que usaram a Tribuna na manh\u00e3 desta segunda-feira (22) para expor o acontecido para a popula\u00e7\u00e3o e expressar o reconhecimento deles \u00e0 Secretaria Municipal de Sa\u00fade.<\/p>\n<p>Por fim, agrade\u00e7o a confian\u00e7a que o prefeito Waldeli dos Santos Rosa depositou em mim para que eu pudesse recorrer a todos os meios poss\u00edveis para tentar salvar a vida do senhor Sebasti\u00e3o.<\/p>\n<p>Adriana Maset Tobal, secret\u00e1ria de Sa\u00fade de Costa Rica &#8211; MS<\/p>\n","protected":false},"excerpt":{"rendered":"<p>Em nome do povo costarriquense, agrade\u00e7o a equipe m\u00e9dica plantonista da FHCR &#8211; Funda\u00e7\u00e3o Hospitalar de Costa Rica\/MS \u2013 Doutor Ricardo Coutrim, a enfermeira Katialyne Rezende e o motorista da ambul\u00e2ncia Ailtu Pereira de Souza. Quero aqui parabeniza e agradece mais uma vez o empenho desta maravilhosa equipe que n\u00e3o mede esfor\u00e7os para salvar vidas! [&hellip;]<\/p>\n","protected":false},"author":4,"featured_media":21211,"comment_status":"closed","ping_status":"closed","sticky":false,"template":"","format":"standard","meta":{"footnotes":""},"categories":[25],"tags":[],"class_list":["post-21210","post","type-post","status-publish","format-standard","has-post-thumbnail","hentry","category-costa-rica"],"_links":{"self":[{"href":"https:\/\/www.ocorreionews.com.br\/acervo-correio\/index.php?rest_route=\/wp\/v2\/posts\/21210","targetHints":{"allow":["GET"]}}],"collection":[{"href":"https:\/\/www.ocorreionews.com.br\/acervo-correio\/index.php?rest_route=\/wp\/v2\/posts"}],"about":[{"href":"https:\/\/www.ocorreionews.com.br\/acervo-correio\/index.php?rest_route=\/wp\/v2\/types\/post"}],"author":[{"embeddable":true,"href":"https:\/\/www.ocorreionews.com.br\/acervo-correio\/index.php?rest_route=\/wp\/v2\/users\/4"}],"replies":[{"embeddable":true,"href":"https:\/\/www.ocorreionews.com.br\/acervo-correio\/index.php?rest_route=%2Fwp%2Fv2%2Fcomments&post=21210"}],"version-history":[{"count":0,"href":"https:\/\/www.ocorreionews.com.br\/acervo-correio\/index.php?rest_route=\/wp\/v2\/posts\/21210\/revisions"}],"wp:featuredmedia":[{"embeddable":true,"href":"https:\/\/www.ocorreionews.com.br\/acervo-correio\/index.php?rest_route=\/wp\/v2\/media\/21211"}],"wp:attachment":[{"href":"https:\/\/www.ocorreionews.com.br\/acervo-correio\/index.php?rest_route=%2Fwp%2Fv2%2Fmedia&parent=21210"}],"wp:term":[{"taxonomy":"category","embeddable":true,"href":"https:\/\/www.ocorreionews.com.br\/acervo-correio\/index.php?rest_route=%2Fwp%2Fv2%2Fcategories&post=21210"},{"taxonomy":"post_tag","embeddable":true,"href":"https:\/\/www.ocorreionews.com.br\/acervo-correio\/index.php?rest_route=%2Fwp%2Fv2%2Ftags&post=21210"}],"curies":[{"name":"wp","href":"https:\/\/api.w.org\/{rel}","templated":true}]}}