{"id":21223,"date":"2016-02-24T06:55:58","date_gmt":"2016-02-24T10:55:58","guid":{"rendered":"https:\/\/ocorreionews.com.br\/?p=21223"},"modified":"2016-02-24T06:55:58","modified_gmt":"2016-02-24T10:55:58","slug":"ladrao-invade-igreja-e-danifica-a-imagem-de-cristo-no-interior-de-sp","status":"publish","type":"post","link":"https:\/\/www.ocorreionews.com.br\/acervo-correio\/?p=21223","title":{"rendered":"Ladr\u00e3o invade igreja e danifica a imagem de Cristo no interior de SP"},"content":{"rendered":"<p>A imagem de Jesus Cristo, que foi depredada por um homem que invadiu a S\u00e9 Catedral de S\u00e3o Jos\u00e9, no Centro de Rio Preto, no \u00faltimo domingo, dia 21, dever\u00e1 ser restaurada. O reparo ser\u00e1 pago pelo seguro da igreja.<\/p>\n<p>&#8220;Ainda estamos fazendo or\u00e7amento para ver quanto vai ficar para consertar as portas que foram quebradas e para restaurar a imagem do Cristo crucificado, mas j\u00e1 acionamos a seguradora, que vai cobrir o preju\u00edzo&#8221;, explicou a volunt\u00e1ria Sirlene Menezes de Oliveira Sanches, que trabalha na tesouraria da igreja.<\/p>\n<p>O ladr\u00e3o entrou na igreja na noite de domingo, dia 21. Ele quebrou a porta que d\u00e1 acesso \u00e0 secretaria, onde estava a imagem de Cristo, que foi depredada. O homem tamb\u00e9m arrombou uma porta de madeira e quebrou outra de vidro, para entrar na tesouraria da igreja.<\/p>\n<p>Depois disso, o criminoso fugiu levando um celular e R$ 2. C\u00e2meras de seguran\u00e7a gravaram o ladr\u00e3o entrando e saindo da igreja. As imagens podem ajudar a pol\u00edcia a identificar o suspeito.<\/p>\n<p>O caso foi registrado como furto qualificado e \u00e9 investigado. \u201cQuando o suspeito for capturado, o delegado respons\u00e1vel vai avaliar e, se for o caso, o suspeito pode responder por crime de ordem religiosa\u201d, explicou o delegado Marcelo Goulart, que registrou o caso na Central de Flagrantes.<\/p>\n<p>&nbsp;<\/p>\n<p>Mat\u00e9ria de autoria de Gabriel Vital, Di\u00e1rio da Regi\u00e3o<\/p>\n","protected":false},"excerpt":{"rendered":"<p>A imagem de Jesus Cristo, que foi depredada por um homem que invadiu a S\u00e9 Catedral de S\u00e3o Jos\u00e9, no Centro de Rio Preto, no \u00faltimo domingo, dia 21, dever\u00e1 ser restaurada. O reparo ser\u00e1 pago pelo seguro da igreja. &#8220;Ainda estamos fazendo or\u00e7amento para ver quanto vai ficar para consertar as portas que foram [&hellip;]<\/p>\n","protected":false},"author":4,"featured_media":21224,"comment_status":"closed","ping_status":"closed","sticky":false,"template":"","format":"standard","meta":{"footnotes":""},"categories":[31,38],"tags":[],"class_list":["post-21223","post","type-post","status-publish","format-standard","has-post-thumbnail","hentry","category-geral","category-policia"],"_links":{"self":[{"href":"https:\/\/www.ocorreionews.com.br\/acervo-correio\/index.php?rest_route=\/wp\/v2\/posts\/21223","targetHints":{"allow":["GET"]}}],"collection":[{"href":"https:\/\/www.ocorreionews.com.br\/acervo-correio\/index.php?rest_route=\/wp\/v2\/posts"}],"about":[{"href":"https:\/\/www.ocorreionews.com.br\/acervo-correio\/index.php?rest_route=\/wp\/v2\/types\/post"}],"author":[{"embeddable":true,"href":"https:\/\/www.ocorreionews.com.br\/acervo-correio\/index.php?rest_route=\/wp\/v2\/users\/4"}],"replies":[{"embeddable":true,"href":"https:\/\/www.ocorreionews.com.br\/acervo-correio\/index.php?rest_route=%2Fwp%2Fv2%2Fcomments&post=21223"}],"version-history":[{"count":0,"href":"https:\/\/www.ocorreionews.com.br\/acervo-correio\/index.php?rest_route=\/wp\/v2\/posts\/21223\/revisions"}],"wp:featuredmedia":[{"embeddable":true,"href":"https:\/\/www.ocorreionews.com.br\/acervo-correio\/index.php?rest_route=\/wp\/v2\/media\/21224"}],"wp:attachment":[{"href":"https:\/\/www.ocorreionews.com.br\/acervo-correio\/index.php?rest_route=%2Fwp%2Fv2%2Fmedia&parent=21223"}],"wp:term":[{"taxonomy":"category","embeddable":true,"href":"https:\/\/www.ocorreionews.com.br\/acervo-correio\/index.php?rest_route=%2Fwp%2Fv2%2Fcategories&post=21223"},{"taxonomy":"post_tag","embeddable":true,"href":"https:\/\/www.ocorreionews.com.br\/acervo-correio\/index.php?rest_route=%2Fwp%2Fv2%2Ftags&post=21223"}],"curies":[{"name":"wp","href":"https:\/\/api.w.org\/{rel}","templated":true}]}}