{"id":21226,"date":"2016-02-24T07:31:56","date_gmt":"2016-02-24T11:31:56","guid":{"rendered":"https:\/\/ocorreionews.com.br\/?p=21226"},"modified":"2016-02-24T07:31:56","modified_gmt":"2016-02-24T11:31:56","slug":"prefeitura-divulga-resultado-da-votacao-de-campanha-educativa","status":"publish","type":"post","link":"https:\/\/www.ocorreionews.com.br\/acervo-correio\/?p=21226","title":{"rendered":"Prefeitura divulga resultado da vota\u00e7\u00e3o de campanha educativa"},"content":{"rendered":"<p style=\"text-align: justify;\">Ap\u00f3s o per\u00edodo de palestras na escolas da rede municipal de ensino, os alunos desenvolveram trabalhos para participar da Campanha Educativa dos Tributos Municipais, idealizada e realizada em uma parceria estrat\u00e9gica da Secretaria de Educa\u00e7\u00e3o e Secretaria de Administra\u00e7\u00e3o, Finan\u00e7as e Planejamento durante o exerc\u00edcio de 2015.<\/p>\n<p style=\"text-align: justify;\">Atendendo a Legisla\u00e7\u00e3o votada pela C\u00e2mara de Vereadores e sancionada pelo Prefeito Municipal, Rog\u00e9rio Pianezzola, a vota\u00e7\u00e3o encerrou no \u00faltimo dia 31\/01\/2016.<\/p>\n<p style=\"text-align: justify;\">De acordo com o Prefeito Municipal, Rog\u00e9rio Pianezzola: &#8220;a educa\u00e7\u00e3o \u00e9 a base de um futuro melhor para nosso Pa\u00eds, estamos investindo no melhor que temos que s\u00e3o as nossas crian\u00e7as e os jovens. Ampliamos a Escola Flores do Cerrado, reformamos a Escola Municipal Dona Am\u00e9lia e investimos na estrutura f\u00edsica e nos Professores. Parabenizo a todos os alunos e alunas que se dedicaram para compreender um pouco mais dos tributos que a Prefeitura cobra e o retorno que toda a popula\u00e7\u00e3o de Chapad\u00e3o do C\u00e9u recebe.&#8221;<\/p>\n<p style=\"text-align: justify;\">&#8220;Estamos muito contentes com os resultados desse trabalho do Departamento de Receita Tribut\u00e1ria em parceria com as Escolas Municipais, houve uni\u00e3o e esfor\u00e7o de ambas as partes e principalmente dos alunos, que se esfor\u00e7aram e se dedicaram para elaborar bons trabalhos demonstrando entender a import\u00e2ncia dos tributos municipais em Chapad\u00e3o do C\u00e9u&#8221; afirma a Secret\u00e1ria de Administra\u00e7\u00e3o, Finan\u00e7as e Planejamento, Edil\u00e9ia de David.<\/p>\n<p style=\"text-align: justify;\">&#8220;Entendemos a vontade do Prefeito Municipal em tornar o processo justo e transparente ao enviar o Projeto de Lei para a C\u00e2mara Municipal permitindo que a popula\u00e7\u00e3o escolha os melhores trabalhos atrav\u00e9s do portal on-line do Munic\u00edpio. Agradecemos tamb\u00e9m os Vereadores que n\u00e3o mediram esfor\u00e7os e aprovaram a Lei e permitiram que esse excelente trabalho acontecesse&#8221;, finaliza a Secret\u00e1ria de Educa\u00e7\u00e3o, Lea Rohrig Rigodanzo.<\/p>\n<p style=\"text-align: justify;\">A entrega da premia\u00e7\u00e3o e dos certificados, para os tr\u00eas primeiros colocados de cada categoria,\u00a0 ocorrer\u00e1 em data futura, em solenidade a ser organizada e divulgada pelo Departamento de Receita Tribut\u00e1ria.<\/p>\n<p style=\"text-align: justify;\">\n<p style=\"text-align: justify;\">Confira abaixo o resultado da vota\u00e7\u00e3o:<\/p>\n<p style=\"text-align: justify;\"><strong>1\u00aa categoria (elabora\u00e7\u00e3o de desenho, 1\u00ba ao 3\u00ba ano):<\/strong><\/p>\n<p style=\"text-align: justify;\">1\u00ba colocado: Carlos C\u00e9sar Veiga dos Santos \/ Escola Municipal Flores do Cerrado &#8211; 104 votos;<\/p>\n<p style=\"text-align: justify;\">2\u00ba colocado: Eloa Martins F\u00e9lix \/ Escola Municipal Dona Amelia Garcia Cunha &#8211; 72 votos;<\/p>\n<p style=\"text-align: justify;\">3\u00ba colocado: Mateus Felipe Neves Rodrigues \/ Escola Municipal Dona Amelia Garcia Cunha &#8211; 43 votos;<\/p>\n<p style=\"text-align: justify;\">4\u00ba colocado: Jamile Silva dos Santos \/ Escola Municipal Dona Amelia Garcia Cunha &#8211; 10 votos;<\/p>\n<p style=\"text-align: justify;\">5\u00ba colocado: Josiane Santos Castro \/ Escola Municipal Flores do Cerrado &#8211; 6 votos;<\/p>\n<p style=\"text-align: justify;\">6\u00ba colocado: Geovana Alves Guerra \/ Escola Municipal Flores do Cerrado &#8211; 2 votos.<\/p>\n<p style=\"text-align: justify;\">\n<p style=\"text-align: justify;\"><strong>2\u00aa categoria (elabora\u00e7\u00e3o de frase, 4\u00ba ao 6\u00ba ano):<\/strong><\/p>\n<p style=\"text-align: justify;\">1\u00ba colocado: Luiz Felipe Lenz Bueno \/ Escola Municipal Flores do Cerrado &#8211; 113 votos;<\/p>\n<p style=\"text-align: justify;\">2\u00ba colocado: Kaique Reis Zimmermann \/ Escola Municipal Flores do Cerrado &#8211; 86 votos;<\/p>\n<p style=\"text-align: justify;\">3\u00ba colocado: Artur Caron Vieira \/ Escola Municipal Dona Amelia Garcia Cunha &#8211; 66 votos;<\/p>\n<p style=\"text-align: justify;\">4\u00ba colocado: Weider Vilela Miranda \/ Escola Municipal Dona Amelia Garcia Cunha &#8211; 51 votos;<\/p>\n<p style=\"text-align: justify;\">5\u00ba colocado: Wanessa Sena Alves \/ Escola Municipal Dona Amelia Garcia Cunha &#8211; 23 votos;<\/p>\n<p style=\"text-align: justify;\">6\u00ba colocado: Kamila Vit\u00f3ria Oliveira Rocha \/ Escola Municipal Flores do Cerrado &#8211; 5 votos.<\/p>\n<p style=\"text-align: justify;\"><strong>\u00a0<\/strong><\/p>\n<p style=\"text-align: justify;\"><strong>3\u00aa categoria (elabora\u00e7\u00e3o de mensagem, 7\u00ba ao 9\u00ba ano):<\/strong><\/p>\n<p style=\"text-align: justify;\">1\u00ba colocado: Amanda La\u00eds de Andrade Soares de Lima \/ Escola Municipal Flores do Cerrado &#8211; 59 votos;<\/p>\n<p style=\"text-align: justify;\">2\u00ba colocado: Vitor Manoel P de Morais \/ Escola Municipal Dona Amelia Garcia Cunha &#8211; 55 votos;<\/p>\n<p style=\"text-align: justify;\">3\u00ba colocado: Nathan Augusto de LIma \/ Escola Municipal Flores do Cerrado &#8211; 21 votos;<\/p>\n<p style=\"text-align: justify;\">4\u00ba colocado: Clayton Lemes de Miranda Filho \/ Escola Municipal Flores do Cerrado &#8211; 11 votos;<\/p>\n<p style=\"text-align: justify;\">5\u00ba colocado: Yasmin Alves Sousa \/ Escola Municipal Flores do Cerrado &#8211; 3 votos;<\/p>\n<p style=\"text-align: justify;\">\n","protected":false},"excerpt":{"rendered":"<p>Ap\u00f3s o per\u00edodo de palestras na escolas da rede municipal de ensino, os alunos desenvolveram trabalhos para participar da Campanha Educativa dos Tributos Municipais, idealizada e realizada em uma parceria estrat\u00e9gica da Secretaria de Educa\u00e7\u00e3o e Secretaria de Administra\u00e7\u00e3o, Finan\u00e7as e Planejamento durante o exerc\u00edcio de 2015. Atendendo a Legisla\u00e7\u00e3o votada pela C\u00e2mara de Vereadores [&hellip;]<\/p>\n","protected":false},"author":4,"featured_media":21227,"comment_status":"closed","ping_status":"closed","sticky":false,"template":"","format":"standard","meta":{"footnotes":""},"categories":[22,27],"tags":[],"class_list":["post-21226","post","type-post","status-publish","format-standard","has-post-thumbnail","hentry","category-chapadao-do-ceu","category-educacao"],"_links":{"self":[{"href":"https:\/\/www.ocorreionews.com.br\/acervo-correio\/index.php?rest_route=\/wp\/v2\/posts\/21226","targetHints":{"allow":["GET"]}}],"collection":[{"href":"https:\/\/www.ocorreionews.com.br\/acervo-correio\/index.php?rest_route=\/wp\/v2\/posts"}],"about":[{"href":"https:\/\/www.ocorreionews.com.br\/acervo-correio\/index.php?rest_route=\/wp\/v2\/types\/post"}],"author":[{"embeddable":true,"href":"https:\/\/www.ocorreionews.com.br\/acervo-correio\/index.php?rest_route=\/wp\/v2\/users\/4"}],"replies":[{"embeddable":true,"href":"https:\/\/www.ocorreionews.com.br\/acervo-correio\/index.php?rest_route=%2Fwp%2Fv2%2Fcomments&post=21226"}],"version-history":[{"count":0,"href":"https:\/\/www.ocorreionews.com.br\/acervo-correio\/index.php?rest_route=\/wp\/v2\/posts\/21226\/revisions"}],"wp:featuredmedia":[{"embeddable":true,"href":"https:\/\/www.ocorreionews.com.br\/acervo-correio\/index.php?rest_route=\/wp\/v2\/media\/21227"}],"wp:attachment":[{"href":"https:\/\/www.ocorreionews.com.br\/acervo-correio\/index.php?rest_route=%2Fwp%2Fv2%2Fmedia&parent=21226"}],"wp:term":[{"taxonomy":"category","embeddable":true,"href":"https:\/\/www.ocorreionews.com.br\/acervo-correio\/index.php?rest_route=%2Fwp%2Fv2%2Fcategories&post=21226"},{"taxonomy":"post_tag","embeddable":true,"href":"https:\/\/www.ocorreionews.com.br\/acervo-correio\/index.php?rest_route=%2Fwp%2Fv2%2Ftags&post=21226"}],"curies":[{"name":"wp","href":"https:\/\/api.w.org\/{rel}","templated":true}]}}