{"id":21319,"date":"2016-02-25T08:06:06","date_gmt":"2016-02-25T12:06:06","guid":{"rendered":"https:\/\/ocorreionews.com.br\/?p=21319"},"modified":"2016-02-25T08:06:06","modified_gmt":"2016-02-25T12:06:06","slug":"adeus-ao-desperdicio-empresario-de-goiania-cria-geladeira-solidaria-para-moradores-de-rua","status":"publish","type":"post","link":"https:\/\/www.ocorreionews.com.br\/acervo-correio\/?p=21319","title":{"rendered":"Adeus ao desperd\u00edcio: empres\u00e1rio de Goi\u00e2nia cria geladeira solid\u00e1ria para moradores de rua"},"content":{"rendered":"<p style=\"text-align: justify;\">O empres\u00e1rio goiano Fernando Barcelos criou o <strong>Projeto Geladeira Solid\u00e1ria<\/strong> e a instalou na cal\u00e7ada de seu com\u00e9rcio, na Rua Sete, localizada no centro de Goi\u00e2nia.<\/p>\n<p style=\"text-align: justify;\">Em entrevista ao G1, o empres\u00e1rio conta como teve a ideia: <em>\u201cEstava saindo do trabalho e vi uma mulher com um rec\u00e9m-nascido pedindo comida. Eu dei para eles durante tr\u00eas dias. Em casa, vi na internet que tinham feito isso [colocado geladeira na rua] na Holanda e na Ar\u00e1bia Saudita e resolvi fazer aqui tamb\u00e9m. Espero que seja a primeira de muitas, que outras pessoas vejam e fa\u00e7am o mesmo em outros lugares\u201d.<\/em><\/p>\n<p style=\"text-align: justify;\"><ins class=\"adsbygoogle adslot_1\" data-adsbygoogle-status=\"done\" data-ad-client=\"ca-pub-5059680707407717\" data-ad-slot=\"3074865584\"><ins id=\"aswift_1_expand\"><ins id=\"aswift_1_anchor\">\u00a0<\/ins><\/ins><\/ins><\/p>\n<p style=\"text-align: justify;\">\n<p style=\"text-align: justify;\">O local onde a geladeira foi instalada \u00e9 conhecido pela quantidade de <strong>moradores de rua<\/strong> e de <strong>usu\u00e1rios de drogas<\/strong> que perambulam por l\u00e1.<\/p>\n<p style=\"text-align: justify;\">A inten\u00e7\u00e3o do empres\u00e1rio \u00e9 despertar nas pessoas a consci\u00eancia do quanto se \u00e9 desperdi\u00e7ado de comida por dia: <em>\u201cN\u00f3s jogamos fora quase um ter\u00e7o do que consumimos em um ano. <strong>Isso \u00e9 muita coisa<\/strong>. Se tivermos no\u00e7\u00e3o de que outras pessoas que n\u00e3o tem nada precisam de alimento, talvez o desperd\u00edcio seja menor<\/em>\u201c.<\/p>\n<h6 style=\"text-align: justify;\">Quem tem fome n\u00e3o tem escolha<\/h6>\n<p style=\"text-align: justify;\"><img loading=\"lazy\" decoding=\"async\" class=\"aligncenter size-full wp-image-19619\" src=\"http:\/\/varxi.com\/wp-content\/uploads\/2016\/02\/geladeira-5.jpg\" sizes=\"auto, (max-width: 611px) 100vw, 611px\" srcset=\"http:\/\/awebic.com\/wp-content\/uploads\/2015\/10\/geladeira-5-300x200.jpg 300w, http:\/\/varxi.com\/wp-content\/uploads\/2016\/02\/geladeira-5.jpg 611w\" alt=\"\" width=\"611\" height=\"408\" \/><\/p>\n<p style=\"text-align: justify;\">Desde que a geladeira solid\u00e1ria foi instalada o movimento tem sido grande. Muitos j\u00e1 foram beneficiados por esse simples gesto e contam que o per\u00edodo da noite \u00e9 certamente o mais dif\u00edcil para quem n\u00e3o tem um lar.<\/p>\n<p style=\"text-align: justify;\">\u00c9 tamb\u00e9m o per\u00edodo em que passam mais fome na maioria das vezes.<\/p>\n<p style=\"text-align: justify;\"><em>\u201cAs pessoas ficam com receio, n\u00e3o ajudam muito. Os lugares que t\u00eam comida e que nos ajudam j\u00e1 est\u00e3o fechados\u201d<\/em>, conta Washington Gomes, de 43 anos. <em>\u201cA ideia \u00e9 inovadora, melhor que dar dinheiro. J\u00e1 me ajudou quando eu estava com fome. Comi uma pizza a\u00ed esses dias, estava muito boa\u201d<\/em>, completou.<\/p>\n<h2 style=\"text-align: justify;\">O sup\u00e9rfluo para uns \u00e9 fundamental para outros<\/h2>\n<p style=\"text-align: justify;\"><img loading=\"lazy\" decoding=\"async\" class=\"aligncenter size-full wp-image-19620\" src=\"http:\/\/varxi.com\/wp-content\/uploads\/2016\/02\/geladeira-3.jpg\" sizes=\"auto, (max-width: 450px) 100vw, 450px\" srcset=\"http:\/\/awebic.com\/wp-content\/uploads\/2015\/10\/geladeira-3-300x213.jpg 300w, http:\/\/varxi.com\/wp-content\/uploads\/2016\/02\/geladeira-3.jpg 450w\" alt=\"\" width=\"450\" height=\"320\" \/><\/p>\n<p style=\"text-align: justify;\"><strong>Fernando n\u00e3o cuida da geladeira sozinho.<\/strong><\/p>\n<p style=\"text-align: justify;\">Outras pessoas se voluntariaram para cuidar do projeto, como \u00e9 o caso de Raiany de Sousa, de 24 anos. A auxiliar administrativa conta que quando sai \u00e0 noite, a geladeira est\u00e1 repleta de alimentos, mas quando chega pela manh\u00e3, est\u00e1 vazia.<\/p>\n<p style=\"text-align: justify;\">N\u00e3o h\u00e1 restri\u00e7\u00e3o de hor\u00e1rios quanto ao uso da geladeira solid\u00e1ria. Ela est\u00e1 dispon\u00edvel 24 horas por dia, todos os dias da semana, mas \u00e9 recolhida no final de semana. Raiany ainda contou que todos respeitam o projeto e que nunca encontrou nada inesperado dentro dela.<\/p>\n<p style=\"text-align: justify;\">N\u00e3o \u00e9 necess\u00e1rio realizar qualquer tipo de cadastro para pegar os alimentos da geladeira e, tamb\u00e9m, n\u00e3o h\u00e1 limita\u00e7\u00f5es quanto \u00e0 quantidade: <em>\u201cvai da consci\u00eancia de cada um\u201d<\/em>, afirma Fernando.<\/p>\n<h2 style=\"text-align: justify;\">Reabastecendo a geladeira solid\u00e1ria<\/h2>\n<p style=\"text-align: justify;\"><img loading=\"lazy\" decoding=\"async\" class=\"aligncenter size-full wp-image-19621\" src=\"http:\/\/varxi.com\/wp-content\/uploads\/2016\/02\/geladeira-2.jpg\" sizes=\"auto, (max-width: 300px) 100vw, 300px\" srcset=\"http:\/\/awebic.com\/wp-content\/uploads\/2015\/10\/geladeira-2-225x300.jpg 225w, http:\/\/awebic.com\/wp-content\/uploads\/2015\/10\/geladeira-2-240x320.jpg 240w, http:\/\/varxi.com\/wp-content\/uploads\/2016\/02\/geladeira-2.jpg 300w\" alt=\"\" width=\"300\" height=\"400\" \/><\/p>\n<p style=\"text-align: justify;\">Para doar alimentos \u00e0 geladeira, \u00e9 preciso seguir algumas regras: os alimentos t\u00eam de estar fechados, dentro do prazo de validade e com a data de fabrica\u00e7\u00e3o na embalagem. N\u00e3o \u00e9 permitido colocar bebidas alco\u00f3licas, ovos, carnes ou peixes crus e pacotes abertos.<\/p>\n<p style=\"text-align: justify;\"><em>\u201cN\u00f3s sempre colocamos doa\u00e7\u00f5es quando vemos que a geladeira est\u00e1 vazia. Pessoas da regi\u00e3o que j\u00e1 viram a ideia tamb\u00e9m v\u00eam contribuir e at\u00e9 um restaurante aqui da rua\u201d<\/em>, diz Fernando, referindo-se ao restaurante do empres\u00e1rio Eust\u00e1quio Ribeiro, de 48 anos.<\/p>\n<p style=\"text-align: justify;\">Eust\u00e1quio doa marmitas todos os dias: <em>\u201ccolocamos a comida do dia com a data em que foi feita na embalagem e deixamos l\u00e1. Acho que \u00e9 uma ideia muito interessante. Sempre tem algo que podemos doar e tem muita gente precisando. Se todo mundo fizer um pouquinho, o todo agradece\u201d<\/em>, afirma.<\/p>\n<h2 style=\"text-align: justify;\">O desperd\u00edcio \u00e9 grande e o n\u00famero de famintos tamb\u00e9m<\/h2>\n<p style=\"text-align: justify;\">De acordo com uma mat\u00e9ria publicada em agosto pela Revista Galileu, a ONU (Organiza\u00e7\u00e3o das Na\u00e7\u00f5es Unidas) divulgou n\u00fameros que indicam que o problema \u00e9 muito mais grave do que se imagina: <strong>1,3 bilh\u00e3o de toneladas de comida \u00e9 desperdi\u00e7ado por ano<\/strong>.<\/p>\n<p style=\"text-align: justify;\">Esse valor representa mais de um ter\u00e7o de todos os alimentos produzidos para o consumo humano.<\/p>\n<blockquote><p><em>Nos lugares em que homens e mulheres e crian\u00e7as carregam o fardo da fome, um discurso sobre democracia e liberdade que n\u00e3o reconhe\u00e7a estes aspectos materiais pode soar falso e minar os valores que procuramos promover.<\/em> (Nelson Mandela)<\/p><\/blockquote>\n<p style=\"text-align: justify;\">O mais impressionante \u00e9 que mais de <strong>800 milh\u00f5es de pessoas<\/strong> no mundo n\u00e3o t\u00eam o suficiente para comer.<\/p>\n<p style=\"text-align: justify;\">N\u00e3o \u00e9 preciso ser um g\u00eanio da matem\u00e1tica para chegar \u00e0 conclus\u00e3o que o que se desperdi\u00e7a poderia acabar com o problema da fome no mundo, n\u00e3o \u00e9 mesmo?<\/p>\n<p style=\"text-align: justify;\">Claro que n\u00e3o \u00e9 t\u00e3o simples assim, h\u00e1 v\u00e1rios outros fatores envolvidos, como por exemplo, a m\u00e1 distribui\u00e7\u00e3o dos recursos, mas n\u00e3o h\u00e1 d\u00favidas que esses n\u00fameros cairiam significativamente.<\/p>\n<p style=\"text-align: justify;\">O que cada cidad\u00e3o deve refletir \u00e9 o que ele pode fazer para contribuir para a diminui\u00e7\u00e3o desses n\u00fameros. Afinal de contas, esse \u00e9 um problema que nos afeta enquanto humanidade.<\/p>\n<p style=\"text-align: justify;\">Fonte: g1.globo.com.<\/p>\n","protected":false},"excerpt":{"rendered":"<p>O empres\u00e1rio goiano Fernando Barcelos criou o Projeto Geladeira Solid\u00e1ria e a instalou na cal\u00e7ada de seu com\u00e9rcio, na Rua Sete, localizada no centro de Goi\u00e2nia. Em entrevista ao G1, o empres\u00e1rio conta como teve a ideia: \u201cEstava saindo do trabalho e vi uma mulher com um rec\u00e9m-nascido pedindo comida. Eu dei para eles durante [&hellip;]<\/p>\n","protected":false},"author":4,"featured_media":21321,"comment_status":"closed","ping_status":"closed","sticky":false,"template":"","format":"standard","meta":{"footnotes":""},"categories":[26,27,39],"tags":[],"class_list":["post-21319","post","type-post","status-publish","format-standard","has-post-thumbnail","hentry","category-economia","category-educacao","category-saude"],"_links":{"self":[{"href":"https:\/\/www.ocorreionews.com.br\/acervo-correio\/index.php?rest_route=\/wp\/v2\/posts\/21319","targetHints":{"allow":["GET"]}}],"collection":[{"href":"https:\/\/www.ocorreionews.com.br\/acervo-correio\/index.php?rest_route=\/wp\/v2\/posts"}],"about":[{"href":"https:\/\/www.ocorreionews.com.br\/acervo-correio\/index.php?rest_route=\/wp\/v2\/types\/post"}],"author":[{"embeddable":true,"href":"https:\/\/www.ocorreionews.com.br\/acervo-correio\/index.php?rest_route=\/wp\/v2\/users\/4"}],"replies":[{"embeddable":true,"href":"https:\/\/www.ocorreionews.com.br\/acervo-correio\/index.php?rest_route=%2Fwp%2Fv2%2Fcomments&post=21319"}],"version-history":[{"count":0,"href":"https:\/\/www.ocorreionews.com.br\/acervo-correio\/index.php?rest_route=\/wp\/v2\/posts\/21319\/revisions"}],"wp:featuredmedia":[{"embeddable":true,"href":"https:\/\/www.ocorreionews.com.br\/acervo-correio\/index.php?rest_route=\/wp\/v2\/media\/21321"}],"wp:attachment":[{"href":"https:\/\/www.ocorreionews.com.br\/acervo-correio\/index.php?rest_route=%2Fwp%2Fv2%2Fmedia&parent=21319"}],"wp:term":[{"taxonomy":"category","embeddable":true,"href":"https:\/\/www.ocorreionews.com.br\/acervo-correio\/index.php?rest_route=%2Fwp%2Fv2%2Fcategories&post=21319"},{"taxonomy":"post_tag","embeddable":true,"href":"https:\/\/www.ocorreionews.com.br\/acervo-correio\/index.php?rest_route=%2Fwp%2Fv2%2Ftags&post=21319"}],"curies":[{"name":"wp","href":"https:\/\/api.w.org\/{rel}","templated":true}]}}