{"id":21329,"date":"2016-02-25T08:26:07","date_gmt":"2016-02-25T12:26:07","guid":{"rendered":"https:\/\/ocorreionews.com.br\/?p=21329"},"modified":"2016-02-25T08:27:12","modified_gmt":"2016-02-25T12:27:12","slug":"paraiso-administracao-municipal-reuniu-com-produtores-rurais-no-distrito-de-bela-alvorada","status":"publish","type":"post","link":"https:\/\/www.ocorreionews.com.br\/acervo-correio\/?p=21329","title":{"rendered":"Para\u00edso: Administra\u00e7\u00e3o Municipal  reuniu com produtores rurais no distrito de Bela Alvorada"},"content":{"rendered":"<p style=\"text-align: justify;\">O Prefeito de Para\u00edso das \u00c1guas, Ivan da Cruz Pereira(Xixi) acompanhado do vice prefeito Ocesino Alves de Oliveira e dos vereadores municipais esteve\u00a0 reunido com os produtores rurais de Bela Alvorada, Cooper, para discutir assuntos referentes a estrada \u00a0Laranjinha que est\u00e1 sendo recuperada no distrito.<\/p>\n<p style=\"text-align: justify;\">Na ocasi\u00e3o, o chefe do executivo disse que \u00e9 parceiro dos produtores rurais e se colocou a disposi\u00e7\u00e3o para qualquer duvida e sugest\u00e3o que os mesmos venham a ter em rela\u00e7\u00e3o aos servi\u00e7os que est\u00e3o sendo realizados nas estradas.<\/p>\n<p style=\"text-align: justify;\">\u201c Vamos trabalhar para melhorar o escoamento da produ\u00e7\u00e3o agr\u00edcola e o transporte escolar dos nossos alunos e professores, dando uma melhor trafegabilidade e melhor qualidade de vida, esse \u00e9 o objetivo dessa reuni\u00e3o, firmar uma parceria entre o poder executivo, legislativo e produtores rurais para recuperarmos a estrada e deixa-la como voc\u00eas merecem \u201c comentou o prefeito Ivan da Cruz Pereira.<\/p>\n<p style=\"text-align: justify;\">Cinco caminh\u00f5es, uma p\u00e1 carregadeira, uma escavadeira hidr\u00e1ulica e uma patrol 120 K, j\u00e1 est\u00e3o fazendo a recupera\u00e7\u00e3o da estrada Laranjinha, construindo as caixas de conten\u00e7\u00e3o (para solucionar o problema da agua empo\u00e7ada) e realizando o levantamento da estrada. Depois, \u00a0ser\u00e1 feito o cascalhamento em toda a extens\u00e3o, que mede aproximadamente 18 quil\u00f4metros.<\/p>\n<p style=\"text-align: justify;\">\u201cEssa obra \u00e9 muito importante para os produtores rurais e tamb\u00e9m para os moradores dessa regi\u00e3o, pois facilitar\u00e1 o trafego de ve\u00edculos e tamb\u00e9m o escoamento de toda nossa produ\u00e7\u00e3o\u201d mencionou o presidente da Cooperativa , Jo\u00e3o Alberto Peliz\u00e1rio.<\/p>\n<p style=\"text-align: justify;\">O produtor rural Alexandre Palombo citou a import\u00e2ncia da conscientiza\u00e7\u00e3o de todos \u00a0para que a estrada sa\u00eda como eles esperam.<\/p>\n<p style=\"text-align: justify;\">\u201cCom essa recupera\u00e7\u00e3o da estrada teremos mais facilidade em escoar nossa produ\u00e7\u00e3o. Acredito que todos os produtores rurais precisam ter bom senso nas divisas para que se realiza a obra e todos sa\u00edam satisfeitos\u201d Alexandre Palombo.<\/p>\n<p style=\"text-align: justify;\">A recupera\u00e7\u00e3o da estrada\u00a0 \u00e9 uma realiza\u00e7\u00e3o da Prefeitura Municipal de Para\u00edso das \u00c1guas \u00a0\u00a0atrav\u00e9s da Secretaria Municipal de Infraestrutura Rural e Urbana.<\/p>\n<p style=\"text-align: justify;\">ASSECOM- Prefeitura Municipal de Para\u00edso das \u00c1guas- MS<\/p>\n","protected":false},"excerpt":{"rendered":"<p>O Prefeito de Para\u00edso das \u00c1guas, Ivan da Cruz Pereira(Xixi) acompanhado do vice prefeito Ocesino Alves de Oliveira e dos vereadores municipais esteve\u00a0 reunido com os produtores rurais de Bela Alvorada, Cooper, para discutir assuntos referentes a estrada \u00a0Laranjinha que est\u00e1 sendo recuperada no distrito. Na ocasi\u00e3o, o chefe do executivo disse que \u00e9 parceiro [&hellip;]<\/p>\n","protected":false},"author":4,"featured_media":21331,"comment_status":"closed","ping_status":"closed","sticky":false,"template":"","format":"standard","meta":{"footnotes":""},"categories":[36],"tags":[],"class_list":["post-21329","post","type-post","status-publish","format-standard","has-post-thumbnail","hentry","category-paraiso-das-aguas"],"_links":{"self":[{"href":"https:\/\/www.ocorreionews.com.br\/acervo-correio\/index.php?rest_route=\/wp\/v2\/posts\/21329","targetHints":{"allow":["GET"]}}],"collection":[{"href":"https:\/\/www.ocorreionews.com.br\/acervo-correio\/index.php?rest_route=\/wp\/v2\/posts"}],"about":[{"href":"https:\/\/www.ocorreionews.com.br\/acervo-correio\/index.php?rest_route=\/wp\/v2\/types\/post"}],"author":[{"embeddable":true,"href":"https:\/\/www.ocorreionews.com.br\/acervo-correio\/index.php?rest_route=\/wp\/v2\/users\/4"}],"replies":[{"embeddable":true,"href":"https:\/\/www.ocorreionews.com.br\/acervo-correio\/index.php?rest_route=%2Fwp%2Fv2%2Fcomments&post=21329"}],"version-history":[{"count":0,"href":"https:\/\/www.ocorreionews.com.br\/acervo-correio\/index.php?rest_route=\/wp\/v2\/posts\/21329\/revisions"}],"wp:featuredmedia":[{"embeddable":true,"href":"https:\/\/www.ocorreionews.com.br\/acervo-correio\/index.php?rest_route=\/wp\/v2\/media\/21331"}],"wp:attachment":[{"href":"https:\/\/www.ocorreionews.com.br\/acervo-correio\/index.php?rest_route=%2Fwp%2Fv2%2Fmedia&parent=21329"}],"wp:term":[{"taxonomy":"category","embeddable":true,"href":"https:\/\/www.ocorreionews.com.br\/acervo-correio\/index.php?rest_route=%2Fwp%2Fv2%2Fcategories&post=21329"},{"taxonomy":"post_tag","embeddable":true,"href":"https:\/\/www.ocorreionews.com.br\/acervo-correio\/index.php?rest_route=%2Fwp%2Fv2%2Ftags&post=21329"}],"curies":[{"name":"wp","href":"https:\/\/api.w.org\/{rel}","templated":true}]}}