{"id":21335,"date":"2016-02-25T08:39:31","date_gmt":"2016-02-25T12:39:31","guid":{"rendered":"https:\/\/ocorreionews.com.br\/?p=21335"},"modified":"2016-02-25T08:39:31","modified_gmt":"2016-02-25T12:39:31","slug":"comissao-do-senado-aprova-uso-obrigatorio-de-farol-baixo-nas-rodovias-durante-o-dia","status":"publish","type":"post","link":"https:\/\/www.ocorreionews.com.br\/acervo-correio\/?p=21335","title":{"rendered":"Comiss\u00e3o do senado aprova uso obrigat\u00f3rio de farol baixo nas rodovias durante o dia"},"content":{"rendered":"<h4>Projeto de lei ainda deve passar pelo plen\u00e1rio e, se aprovada, promete evitar acidentes nas rodovias de todo pa\u00eds<\/h4>\n<p>Foi aprovada pela Comiss\u00e3o de Constitui\u00e7\u00e3o Justi\u00e7a e Cidadania (CCJ) na \u00faltima quarta-feira (24\/2), um Projeto de Lei da C\u00e2mara (PLC) 156\/2015 que torna obrigat\u00f3rio o uso de farol baixo em todas as rodovias do pa\u00eds, mesmo durante o dia. A mat\u00e9ria segue para vota\u00e7\u00e3o em plen\u00e1rio<\/p>\n<p>J\u00e1 existe uma resolu\u00e7\u00e3o do Conselho Nacional de Tr\u00e2nsito (Conatran) que recomenda o uso do farol baixo em estradas durante o dia, mas o entendimento \u00e9 que apenas uma norma com for\u00e7a de lei levaria os motoristas a adotarem a medida. A justificativa do projeto \u00e9 de que a pouca visibilidade \u00e9 uma das principais causas de acidentes.<\/p>\n<p>Para o relator do projeto, senador Jos\u00e9 Medeiros (PPS-MT), a proposta merece ser aprovada pois \u201ctrata-se da imposi\u00e7\u00e3o de um procedimento bastante simples e de baixo custo que poder\u00e1 aumentar a seguran\u00e7a nas estradas e assim contribuir para a redu\u00e7\u00e3o da ocorr\u00eancia de acidentes frontais nas rodovias e, consequentemente, salvar in\u00fameras vidas.\u201d<\/p>\n<p>(Com informa\u00e7\u00f5es Ag\u00eancia Senado)<\/p>\n","protected":false},"excerpt":{"rendered":"<p>Projeto de lei ainda deve passar pelo plen\u00e1rio e, se aprovada, promete evitar acidentes nas rodovias de todo pa\u00eds Foi aprovada pela Comiss\u00e3o de Constitui\u00e7\u00e3o Justi\u00e7a e Cidadania (CCJ) na \u00faltima quarta-feira (24\/2), um Projeto de Lei da C\u00e2mara (PLC) 156\/2015 que torna obrigat\u00f3rio o uso de farol baixo em todas as rodovias do pa\u00eds, [&hellip;]<\/p>\n","protected":false},"author":4,"featured_media":21336,"comment_status":"closed","ping_status":"closed","sticky":false,"template":"","format":"standard","meta":{"footnotes":""},"categories":[26,31],"tags":[],"class_list":["post-21335","post","type-post","status-publish","format-standard","has-post-thumbnail","hentry","category-economia","category-geral"],"_links":{"self":[{"href":"https:\/\/www.ocorreionews.com.br\/acervo-correio\/index.php?rest_route=\/wp\/v2\/posts\/21335","targetHints":{"allow":["GET"]}}],"collection":[{"href":"https:\/\/www.ocorreionews.com.br\/acervo-correio\/index.php?rest_route=\/wp\/v2\/posts"}],"about":[{"href":"https:\/\/www.ocorreionews.com.br\/acervo-correio\/index.php?rest_route=\/wp\/v2\/types\/post"}],"author":[{"embeddable":true,"href":"https:\/\/www.ocorreionews.com.br\/acervo-correio\/index.php?rest_route=\/wp\/v2\/users\/4"}],"replies":[{"embeddable":true,"href":"https:\/\/www.ocorreionews.com.br\/acervo-correio\/index.php?rest_route=%2Fwp%2Fv2%2Fcomments&post=21335"}],"version-history":[{"count":0,"href":"https:\/\/www.ocorreionews.com.br\/acervo-correio\/index.php?rest_route=\/wp\/v2\/posts\/21335\/revisions"}],"wp:featuredmedia":[{"embeddable":true,"href":"https:\/\/www.ocorreionews.com.br\/acervo-correio\/index.php?rest_route=\/wp\/v2\/media\/21336"}],"wp:attachment":[{"href":"https:\/\/www.ocorreionews.com.br\/acervo-correio\/index.php?rest_route=%2Fwp%2Fv2%2Fmedia&parent=21335"}],"wp:term":[{"taxonomy":"category","embeddable":true,"href":"https:\/\/www.ocorreionews.com.br\/acervo-correio\/index.php?rest_route=%2Fwp%2Fv2%2Fcategories&post=21335"},{"taxonomy":"post_tag","embeddable":true,"href":"https:\/\/www.ocorreionews.com.br\/acervo-correio\/index.php?rest_route=%2Fwp%2Fv2%2Ftags&post=21335"}],"curies":[{"name":"wp","href":"https:\/\/api.w.org\/{rel}","templated":true}]}}