{"id":21338,"date":"2016-02-25T08:49:40","date_gmt":"2016-02-25T12:49:40","guid":{"rendered":"https:\/\/ocorreionews.com.br\/?p=21338"},"modified":"2016-02-25T08:59:36","modified_gmt":"2016-02-25T12:59:36","slug":"imagem-de-nossa-senhora-aparecida-e-encontrada-intacta-em-casa-destruida-pelo-fogo","status":"publish","type":"post","link":"https:\/\/www.ocorreionews.com.br\/acervo-correio\/?p=21338","title":{"rendered":"Imagem de Nossa Senhora Aparecida \u00e9 encontrada intacta em casa destru\u00edda pelo fogo"},"content":{"rendered":"<p>Fato atribu\u00eddo como milagre para alguns aconteceu\u00a0na manh\u00e3 de segunda-feira (22)\u00a0em Dracena (SP).<\/p>\n<p>Depois de inc\u00eandio registrado em uma casa de madeira na Rua Janu\u00e1rio Bonito, no bairro Santa Clara, o Corpo de Bombeiros encontrou uma imagem\u00a0de Nossa Senhora Aparecida intacta. No im\u00f3vel, houve destrui\u00e7\u00e3o total.<\/p>\n<p>A equipe chamou a aten\u00e7\u00e3o at\u00e9 pelo fato de que a parede onde estava a imagem ficou queimada.<\/p>\n<p>Segundo divulgado pelo site Cen\u00e1rio MS, o\u00a0bombeiro Anderson Batista ficou\u00a0emocionado e fez uma foto. O\u00a0militar disse acreditar em milagre. &#8220;Um milagre, pois a temperatura era muito alta para uma simples imagem resistir&#8221;, afirmou Anderson.<\/p>\n<p>Ningu\u00e9m ficou ferido e a casa estava vazia. A dona do im\u00f3vel est\u00e1 doente e atualmente mora em um asilo de Dracena.<\/p>\n<p style=\"text-align: justify;\"><a href=\"https:\/\/ocorreionews.com.br\/wp-content\/uploads\/2016\/02\/nossasenhoraaparecida.png\" rel=\"attachment wp-att-21341\"><img loading=\"lazy\" decoding=\"async\" class=\"alignnone wp-image-21341 size-full\" src=\"https:\/\/ocorreionews.com.br\/wp-content\/uploads\/2016\/02\/nossasenhoraaparecida.png\" alt=\"nossasenhoraaparecida\" width=\"620\" height=\"330\" srcset=\"https:\/\/www.ocorreionews.com.br\/acervo-correio\/wp-content\/uploads\/2016\/02\/nossasenhoraaparecida.png 620w, https:\/\/www.ocorreionews.com.br\/acervo-correio\/wp-content\/uploads\/2016\/02\/nossasenhoraaparecida-300x160.png 300w\" sizes=\"auto, (max-width: 620px) 100vw, 620px\" \/><\/a><\/p>\n<div class=\"clear\" style=\"text-align: justify;\">\u00a0correiodoestado<\/div>\n","protected":false},"excerpt":{"rendered":"<p>Fato atribu\u00eddo como milagre para alguns aconteceu\u00a0na manh\u00e3 de segunda-feira (22)\u00a0em Dracena (SP). Depois de inc\u00eandio registrado em uma casa de madeira na Rua Janu\u00e1rio Bonito, no bairro Santa Clara, o Corpo de Bombeiros encontrou uma imagem\u00a0de Nossa Senhora Aparecida intacta. No im\u00f3vel, houve destrui\u00e7\u00e3o total. A equipe chamou a aten\u00e7\u00e3o at\u00e9 pelo fato de [&hellip;]<\/p>\n","protected":false},"author":4,"featured_media":21342,"comment_status":"closed","ping_status":"closed","sticky":false,"template":"","format":"standard","meta":{"footnotes":""},"categories":[31],"tags":[],"class_list":["post-21338","post","type-post","status-publish","format-standard","has-post-thumbnail","hentry","category-geral"],"_links":{"self":[{"href":"https:\/\/www.ocorreionews.com.br\/acervo-correio\/index.php?rest_route=\/wp\/v2\/posts\/21338","targetHints":{"allow":["GET"]}}],"collection":[{"href":"https:\/\/www.ocorreionews.com.br\/acervo-correio\/index.php?rest_route=\/wp\/v2\/posts"}],"about":[{"href":"https:\/\/www.ocorreionews.com.br\/acervo-correio\/index.php?rest_route=\/wp\/v2\/types\/post"}],"author":[{"embeddable":true,"href":"https:\/\/www.ocorreionews.com.br\/acervo-correio\/index.php?rest_route=\/wp\/v2\/users\/4"}],"replies":[{"embeddable":true,"href":"https:\/\/www.ocorreionews.com.br\/acervo-correio\/index.php?rest_route=%2Fwp%2Fv2%2Fcomments&post=21338"}],"version-history":[{"count":0,"href":"https:\/\/www.ocorreionews.com.br\/acervo-correio\/index.php?rest_route=\/wp\/v2\/posts\/21338\/revisions"}],"wp:featuredmedia":[{"embeddable":true,"href":"https:\/\/www.ocorreionews.com.br\/acervo-correio\/index.php?rest_route=\/wp\/v2\/media\/21342"}],"wp:attachment":[{"href":"https:\/\/www.ocorreionews.com.br\/acervo-correio\/index.php?rest_route=%2Fwp%2Fv2%2Fmedia&parent=21338"}],"wp:term":[{"taxonomy":"category","embeddable":true,"href":"https:\/\/www.ocorreionews.com.br\/acervo-correio\/index.php?rest_route=%2Fwp%2Fv2%2Fcategories&post=21338"},{"taxonomy":"post_tag","embeddable":true,"href":"https:\/\/www.ocorreionews.com.br\/acervo-correio\/index.php?rest_route=%2Fwp%2Fv2%2Ftags&post=21338"}],"curies":[{"name":"wp","href":"https:\/\/api.w.org\/{rel}","templated":true}]}}