{"id":21349,"date":"2016-02-25T09:30:02","date_gmt":"2016-02-25T13:30:02","guid":{"rendered":"https:\/\/ocorreionews.com.br\/?p=21349"},"modified":"2016-02-25T09:30:02","modified_gmt":"2016-02-25T13:30:02","slug":"uems-divulga-3a-chamada-da-lista-de-espera-do-sisu","status":"publish","type":"post","link":"https:\/\/www.ocorreionews.com.br\/acervo-correio\/?p=21349","title":{"rendered":"UEMS divulga 3\u00aa chamada da lista de espera do Sisu"},"content":{"rendered":"<p>A Universidade Estadual de Mato Grosso do Sul (UEMS), por meio da Diretoria de Registro Acad\u00eamico, convoca os candidatos selecionados para a\u00a0<a href=\"http:\/\/www.portal.uems.br\/assets\/uploads\/ingresso\/formas\/1_2016-02-24_15-14-40.pdf\">3\u00aa Chamada da Lista de Espera do SiSU<\/a>\u00a0(Sistema de Sele\u00e7\u00e3o Unificado). S\u00e3o 215 vagas em 34 cursos, de 12 Unidades da Universidade.<\/p>\n<p>Os convocados dever\u00e3o participar da reuni\u00e3o p\u00fablica no dia 29 de fevereiro de 2016, \u00e0s 13h30 nas respectivas Unidades Universit\u00e1rias nos quais concorrem \u00e0s vagas, para logo ap\u00f3s efetivarem a matr\u00edcula.<\/p>\n<p>Os candidatos titulares e suplentes (convocados neste edital) ou seus representantes (exceto cotista), interessados em efetuar matr\u00edcula, dever\u00e3o comparecer \u00e0 reuni\u00e3o com no m\u00ednimo uma hora de anteced\u00eancia.<\/p>\n<p>Em Dourados os candidatos dever\u00e3o comparecer nos seguintes locais, conforme respectivos cursos:\u00a0Anfiteatro do Bloco A: Direito, Engenharia Ambiental, Engenharia F\u00edsica, F\u00edsica, Letras (Ingl\u00eas e Espanhol), Pedagogia, Qu\u00edmica, Qu\u00edmica Industrial; Anfiteatro do Bloco G: Ci\u00eancia da Computa\u00e7\u00e3o, Ci\u00eancias Biol\u00f3gicas (Bacharelado e Licenciatura), Enfermagem, Matem\u00e1tica, Sistemas de Informa\u00e7\u00e3o e Turismo.<\/p>\n<p>As bancas de cotistas estar\u00e3o dispon\u00edveis nas Unidades Universit\u00e1rias de Aquidauana, Campo Grande, Dourados e Parana\u00edba.<\/p>\n<p>O candidato titular que n\u00e3o comparecer ou n\u00e3o atender aos itens solicitados em edital perder\u00e1 o direito a matr\u00edcula e ser\u00e1, automaticamente, exclu\u00eddo da lista de espera.<\/p>\n<p><a href=\"http:\/\/www.portal.uems.br\/assets\/uploads\/ingresso\/formas\/1_2016-02-24_15-14-40.pdf\">Clique aqui<\/a>\u00a0ou confira o edital. <a href=\"http:\/\/www.portal.uems.br\/assets\/uploads\/ingresso\/formas\/1_2016-02-24_18-48-17.pdf\">Edital de retifica\u00e7\u00e3o com mais quatro vagas para Agronomia em Aquidauana<\/a>. As publica\u00e7\u00f5es podem ser acompanhadas tamb\u00e9m no endere\u00e7o:\u00a0<a href=\"http:\/\/www.portal.uems.br\/ingresso\/formas\">http:\/\/www.portal.uems.br\/ingresso\/formas<\/a>.<\/p>\n<p><em><strong>Documentos para\u00a0matr\u00edcula<\/strong><\/em><\/p>\n<p>I \u2013 certid\u00e3o de registro civil de nascimento ou de casamento;<br \/>\nII \u2013 c\u00e9dula de identidade;<br \/>\nIII \u2013 t\u00edtulo eleitoral e quita\u00e7\u00e3o eleitoral, dispon\u00edvel na internet;<br \/>\nIV \u2013 cadastro de pessoa f\u00edsica;<br \/>\nV \u2013 certid\u00e3o de alistamento militar ou de quita\u00e7\u00e3o com o servi\u00e7o militar, para maior de\u00a0dezoito anos, se do sexo masculino;<br \/>\nVI \u2013 1 (uma) fotografia 3\u00d74 recente;<br \/>\nVII \u2013 hist\u00f3rico escolar do Ensino M\u00e9dio em qualquer modalidade ou diploma de ensino\u00a0superior registrado pelo \u00f3rg\u00e3o competente por Declara\u00e7\u00e3o\/Certificado de Conclus\u00e3o de Ensino M\u00e9dio e assinatura do Termo de Compromisso).<\/p>\n<p><em><strong>Cotistas<\/strong><\/em><\/p>\n<p>Os candidatos\u00a0dever\u00e3o passar por uma banca avaliadora que expedir\u00e1 um documento deferindo ou indeferindo a realiza\u00e7\u00e3o da matr\u00edcula.\u00a0As bancas de avalia\u00e7\u00e3o dos candidatos cotistas negros estar\u00e3o dispon\u00edveis nos dias e hor\u00e1rios de matr\u00edculas, das 13 \u00e0s 17 horas, nas Unidades Universit\u00e1rias de Aquidauana, Campo Grande, Dourados e Parana\u00edba. A efetiva\u00e7\u00e3o da matr\u00edcula ser\u00e1 a partir das 13h30 horas, ap\u00f3s a Reuni\u00e3o P\u00fablica dos demais candidatos.<\/p>\n<p><em>UEMS<\/em><\/p>\n","protected":false},"excerpt":{"rendered":"<p>A Universidade Estadual de Mato Grosso do Sul (UEMS), por meio da Diretoria de Registro Acad\u00eamico, convoca os candidatos selecionados para a\u00a03\u00aa Chamada da Lista de Espera do SiSU\u00a0(Sistema de Sele\u00e7\u00e3o Unificado). S\u00e3o 215 vagas em 34 cursos, de 12 Unidades da Universidade. Os convocados dever\u00e3o participar da reuni\u00e3o p\u00fablica no dia 29 de fevereiro [&hellip;]<\/p>\n","protected":false},"author":4,"featured_media":0,"comment_status":"closed","ping_status":"closed","sticky":false,"template":"","format":"standard","meta":{"footnotes":""},"categories":[27],"tags":[],"class_list":["post-21349","post","type-post","status-publish","format-standard","hentry","category-educacao"],"_links":{"self":[{"href":"https:\/\/www.ocorreionews.com.br\/acervo-correio\/index.php?rest_route=\/wp\/v2\/posts\/21349","targetHints":{"allow":["GET"]}}],"collection":[{"href":"https:\/\/www.ocorreionews.com.br\/acervo-correio\/index.php?rest_route=\/wp\/v2\/posts"}],"about":[{"href":"https:\/\/www.ocorreionews.com.br\/acervo-correio\/index.php?rest_route=\/wp\/v2\/types\/post"}],"author":[{"embeddable":true,"href":"https:\/\/www.ocorreionews.com.br\/acervo-correio\/index.php?rest_route=\/wp\/v2\/users\/4"}],"replies":[{"embeddable":true,"href":"https:\/\/www.ocorreionews.com.br\/acervo-correio\/index.php?rest_route=%2Fwp%2Fv2%2Fcomments&post=21349"}],"version-history":[{"count":0,"href":"https:\/\/www.ocorreionews.com.br\/acervo-correio\/index.php?rest_route=\/wp\/v2\/posts\/21349\/revisions"}],"wp:attachment":[{"href":"https:\/\/www.ocorreionews.com.br\/acervo-correio\/index.php?rest_route=%2Fwp%2Fv2%2Fmedia&parent=21349"}],"wp:term":[{"taxonomy":"category","embeddable":true,"href":"https:\/\/www.ocorreionews.com.br\/acervo-correio\/index.php?rest_route=%2Fwp%2Fv2%2Fcategories&post=21349"},{"taxonomy":"post_tag","embeddable":true,"href":"https:\/\/www.ocorreionews.com.br\/acervo-correio\/index.php?rest_route=%2Fwp%2Fv2%2Ftags&post=21349"}],"curies":[{"name":"wp","href":"https:\/\/api.w.org\/{rel}","templated":true}]}}