{"id":21365,"date":"2016-02-25T11:04:28","date_gmt":"2016-02-25T15:04:28","guid":{"rendered":"https:\/\/ocorreionews.com.br\/?p=21365"},"modified":"2016-02-25T11:04:28","modified_gmt":"2016-02-25T15:04:28","slug":"edital-de-convocacao-da-assembleia-geral-ordinaria-da-coprasul","status":"publish","type":"post","link":"https:\/\/www.ocorreionews.com.br\/acervo-correio\/?p=21365","title":{"rendered":"Edital de Convoca\u00e7\u00e3o da Assembleia Geral Ordin\u00e1ria da Coprasul"},"content":{"rendered":"<p style=\"text-align: justify;\">O Presidente da COPRASUL COOPERATIVA<\/p>\n<p style=\"text-align: justify;\">\n<p style=\"text-align: justify;\">AGROINDUSTRIAL, com sede a Avenida Oito no. 465, nesta Cidade de Chapad\u00e3o do sul, Estado de Mato Grosso do sul, cadastrada no CNPJ\/MF: 07.332.472\/0001-90 e Inscri\u00e7\u00e3o Estadual no. 28.335.002-4, no uso das atribui\u00e7\u00f5es que lhe confere o artigo 49 item d, do Estatuto Social, CONVOCA os associados, para reunirem-se em Assembl\u00e9ia Geral Ordin\u00e1ria, no dia 18\/03\/2016, em primeira convoca\u00e7\u00e3o as 12:00 horas, com a presen\u00e7a de ( 2\/3 ) dois ter\u00e7os dos associados; em segunda convoca\u00e7\u00e3o as 13:00 horas, com a presen\u00e7a da metade mais um dos associados; e em terceira e \u00faltima convoca\u00e7\u00e3o as 14:00 horas, com a presen\u00e7a de no m\u00ednimo IO associados, no Audit\u00f3rio da C\u00e2mara Municipal de Vereadores de Chapad\u00e3o do Sul, sito \u00e0 Rua Dezoito no. 758, nesta Cidade de Chapad\u00e3o do Sul, Estado de Mato Grosso do Sul, uma vez que a disponibilidade de espa\u00e7o em nossa sede localizada na Avenida Oito no. 465, \u00e9 insuficiente para abrigar a Assembl\u00e9ia Geral, a qual deliberar\u00e1 sobre a seguinte ordem do dia:<\/p>\n<p style=\"text-align: justify;\">ORDEM DO DIA<\/p>\n<p style=\"text-align: justify;\">1) Presta\u00e7\u00e3o de Contas dos \u00f3rg\u00e3os de Administra\u00e7\u00e3o acompanhada de parecer do Conselho Fiscal e dos Auditores Independentes, compreendendo:<\/p>\n<ol style=\"text-align: justify;\">\n<li>a) Relat\u00f3rio de Gest\u00e3o;<\/li>\n<li>b) Balan\u00e7o Geral;<\/li>\n<li>c) Demonstrativo das sobras ou perdas apuradas no exerc\u00edcio;<\/li>\n<li>d) Relat\u00f3rio dos Auditores Independentes;<\/li>\n<li>e) Parecer do Conselho Fiscal.<\/li>\n<\/ol>\n<p style=\"text-align: justify;\">2) Destina\u00e7\u00e3o do resultado do exerc\u00edcio de 2015;<\/p>\n<p style=\"text-align: justify;\">3) Elei\u00e7\u00e3o e Posse dos componentes do Conselho Fiscal para 2016;<\/p>\n<p style=\"text-align: justify;\">4) Fixa\u00e7\u00e3o dos honor\u00e1rios, gratifica\u00e7\u00f5es e da c\u00e9dula de presen\u00e7a para os componentes da Diretoria Executiva e do Conselho Fiscal;<\/p>\n<p style=\"text-align: justify;\">5) Autoriza\u00e7\u00e3o da Assembl\u00e9ia Geral Ordin\u00e1ria \u00e0 Diretoria Executiva pela convalidade at\u00e9 a pr\u00f3xima Assembl\u00e9ia Geral Ordin\u00e1ria para investimentos, nos termos do Art. 48, al\u00ednea &#8220;r&#8221; e &#8220;s&#8221; do Estatuto Social;<\/p>\n<p style=\"text-align: justify;\">6) Outros assuntos de interesse social.<\/p>\n<p style=\"text-align: justify;\">Nota: Para efeito de quorum, declara-se que o n\u00famero de associados \u00e9 de (57).<\/p>\n<p style=\"text-align: justify;\">Chapad\u00e3o do Sul\u2014 MS, 25 de fevereiro de 2016<\/p>\n<p style=\"text-align: justify;\">\n<p style=\"text-align: justify;\">Geraldo Loef \u2013 Presidente<\/p>\n","protected":false},"excerpt":{"rendered":"<p>O Presidente da COPRASUL COOPERATIVA AGROINDUSTRIAL, com sede a Avenida Oito no. 465, nesta Cidade de Chapad\u00e3o do sul, Estado de Mato Grosso do sul, cadastrada no CNPJ\/MF: 07.332.472\/0001-90 e Inscri\u00e7\u00e3o Estadual no. 28.335.002-4, no uso das atribui\u00e7\u00f5es que lhe confere o artigo 49 item d, do Estatuto Social, CONVOCA os associados, para reunirem-se em [&hellip;]<\/p>\n","protected":false},"author":4,"featured_media":21367,"comment_status":"closed","ping_status":"closed","sticky":false,"template":"","format":"standard","meta":{"footnotes":""},"categories":[24,49],"tags":[],"class_list":["post-21365","post","type-post","status-publish","format-standard","has-post-thumbnail","hentry","category-classificados","category-informe-publicitario"],"_links":{"self":[{"href":"https:\/\/www.ocorreionews.com.br\/acervo-correio\/index.php?rest_route=\/wp\/v2\/posts\/21365","targetHints":{"allow":["GET"]}}],"collection":[{"href":"https:\/\/www.ocorreionews.com.br\/acervo-correio\/index.php?rest_route=\/wp\/v2\/posts"}],"about":[{"href":"https:\/\/www.ocorreionews.com.br\/acervo-correio\/index.php?rest_route=\/wp\/v2\/types\/post"}],"author":[{"embeddable":true,"href":"https:\/\/www.ocorreionews.com.br\/acervo-correio\/index.php?rest_route=\/wp\/v2\/users\/4"}],"replies":[{"embeddable":true,"href":"https:\/\/www.ocorreionews.com.br\/acervo-correio\/index.php?rest_route=%2Fwp%2Fv2%2Fcomments&post=21365"}],"version-history":[{"count":0,"href":"https:\/\/www.ocorreionews.com.br\/acervo-correio\/index.php?rest_route=\/wp\/v2\/posts\/21365\/revisions"}],"wp:featuredmedia":[{"embeddable":true,"href":"https:\/\/www.ocorreionews.com.br\/acervo-correio\/index.php?rest_route=\/wp\/v2\/media\/21367"}],"wp:attachment":[{"href":"https:\/\/www.ocorreionews.com.br\/acervo-correio\/index.php?rest_route=%2Fwp%2Fv2%2Fmedia&parent=21365"}],"wp:term":[{"taxonomy":"category","embeddable":true,"href":"https:\/\/www.ocorreionews.com.br\/acervo-correio\/index.php?rest_route=%2Fwp%2Fv2%2Fcategories&post=21365"},{"taxonomy":"post_tag","embeddable":true,"href":"https:\/\/www.ocorreionews.com.br\/acervo-correio\/index.php?rest_route=%2Fwp%2Fv2%2Ftags&post=21365"}],"curies":[{"name":"wp","href":"https:\/\/api.w.org\/{rel}","templated":true}]}}