{"id":21373,"date":"2016-02-25T14:36:45","date_gmt":"2016-02-25T18:36:45","guid":{"rendered":"https:\/\/ocorreionews.com.br\/?p=21373"},"modified":"2016-02-25T14:36:45","modified_gmt":"2016-02-25T18:36:45","slug":"policia-civil-estara-confeccionando-identidades-em-paraiso-das-aguas","status":"publish","type":"post","link":"https:\/\/www.ocorreionews.com.br\/acervo-correio\/?p=21373","title":{"rendered":"Pol\u00edcia Civil estar\u00e1 confeccionando identidades em Para\u00edso das \u00c1guas"},"content":{"rendered":"<p>A Prefeitura Municipal de Para\u00edso das \u00c1guas atrav\u00e9s da Secretaria Municipal de Assist\u00eancia Social comunica que amanh\u00e3, dia 26 de fevereiro, a partir das 8 horas da manh\u00e3, a Pol\u00edcia Civil estar\u00e1 em Para\u00edso das \u00c1guas realizando a confec\u00e7\u00e3o de identidade (1\u00aa via) e entregando as novas identidades que foram feitas no m\u00eas de dezembro de 2015.<\/p>\n<p>Os interessados devem\u00a0 comparecer na Secretaria Municipal de Assist\u00eancia Social, munidos com uma foto 3&#215;4, certid\u00e3o de nascimento ou casamento e CPF.<\/p>\n<p>O atendimento ser\u00e1 realizado das 8h\u00a0 \u00e0s 11h da manh\u00e3 e das 13h as 15h30min.<\/p>\n<p>&nbsp;<\/p>\n<p>ASSECOM- Prefeitura Municipal de Para\u00edso das \u00c1guas- MS<\/p>\n","protected":false},"excerpt":{"rendered":"<p>A Prefeitura Municipal de Para\u00edso das \u00c1guas atrav\u00e9s da Secretaria Municipal de Assist\u00eancia Social comunica que amanh\u00e3, dia 26 de fevereiro, a partir das 8 horas da manh\u00e3, a Pol\u00edcia Civil estar\u00e1 em Para\u00edso das \u00c1guas realizando a confec\u00e7\u00e3o de identidade (1\u00aa via) e entregando as novas identidades que foram feitas no m\u00eas de dezembro [&hellip;]<\/p>\n","protected":false},"author":4,"featured_media":21374,"comment_status":"closed","ping_status":"closed","sticky":false,"template":"","format":"standard","meta":{"footnotes":""},"categories":[36],"tags":[],"class_list":["post-21373","post","type-post","status-publish","format-standard","has-post-thumbnail","hentry","category-paraiso-das-aguas"],"_links":{"self":[{"href":"https:\/\/www.ocorreionews.com.br\/acervo-correio\/index.php?rest_route=\/wp\/v2\/posts\/21373","targetHints":{"allow":["GET"]}}],"collection":[{"href":"https:\/\/www.ocorreionews.com.br\/acervo-correio\/index.php?rest_route=\/wp\/v2\/posts"}],"about":[{"href":"https:\/\/www.ocorreionews.com.br\/acervo-correio\/index.php?rest_route=\/wp\/v2\/types\/post"}],"author":[{"embeddable":true,"href":"https:\/\/www.ocorreionews.com.br\/acervo-correio\/index.php?rest_route=\/wp\/v2\/users\/4"}],"replies":[{"embeddable":true,"href":"https:\/\/www.ocorreionews.com.br\/acervo-correio\/index.php?rest_route=%2Fwp%2Fv2%2Fcomments&post=21373"}],"version-history":[{"count":0,"href":"https:\/\/www.ocorreionews.com.br\/acervo-correio\/index.php?rest_route=\/wp\/v2\/posts\/21373\/revisions"}],"wp:featuredmedia":[{"embeddable":true,"href":"https:\/\/www.ocorreionews.com.br\/acervo-correio\/index.php?rest_route=\/wp\/v2\/media\/21374"}],"wp:attachment":[{"href":"https:\/\/www.ocorreionews.com.br\/acervo-correio\/index.php?rest_route=%2Fwp%2Fv2%2Fmedia&parent=21373"}],"wp:term":[{"taxonomy":"category","embeddable":true,"href":"https:\/\/www.ocorreionews.com.br\/acervo-correio\/index.php?rest_route=%2Fwp%2Fv2%2Fcategories&post=21373"},{"taxonomy":"post_tag","embeddable":true,"href":"https:\/\/www.ocorreionews.com.br\/acervo-correio\/index.php?rest_route=%2Fwp%2Fv2%2Ftags&post=21373"}],"curies":[{"name":"wp","href":"https:\/\/api.w.org\/{rel}","templated":true}]}}