{"id":213738,"date":"2022-08-04T08:26:28","date_gmt":"2022-08-04T12:26:28","guid":{"rendered":"https:\/\/www.ocorreionews.com.br\/acervo-correio\/?p=213738"},"modified":"2022-08-04T08:26:28","modified_gmt":"2022-08-04T12:26:28","slug":"secretaria-de-saude-de-costa-rica-presta-contas-em-audiencia-publica-na-proxima-terca","status":"publish","type":"post","link":"https:\/\/www.ocorreionews.com.br\/acervo-correio\/?p=213738","title":{"rendered":"Secretaria de Sa\u00fade de Costa Rica presta contas em Audi\u00eancia P\u00fablica na pr\u00f3xima ter\u00e7a"},"content":{"rendered":"<div class=\"ntc_cont_descricao_noticia sw_txteditor\">Os Poderes Executivo e Legislativo do Munic\u00edpio de Costa Rica, realizam na pr\u00f3xima ter\u00e7a-feira (9), \u00e0s 9 horas no Plen\u00e1rio das Delibera\u00e7\u00f5es \u201cVereador Simino Jorge de Oliveira\u201d, da C\u00e2mara Municipal, uma Audi\u00eancia P\u00fablica perante os vereadores e a popula\u00e7\u00e3o em geral. Na oportunidade a Secretaria Municipal de Sa\u00fade apresentar\u00e1 o relat\u00f3rio de presta\u00e7\u00e3o de contas do 1\u00ba quadrimestre de 2022, referente \u00e0s a\u00e7\u00f5es e servi\u00e7os na gest\u00e3o dos programas do Sistema \u00danico de Sa\u00fade (SUS).<\/p>\n<p>Para atender aos princ\u00edpios da administra\u00e7\u00e3o p\u00fablica, mais precisamente o da publicidade, a Audi\u00eancia P\u00fablica ser\u00e1 transmitida ao vivo pelo Facebook, na p\u00e1gina oficial da C\u00e2mara Municipal &#8211; e na p\u00e1gina oficial do Munic\u00edpio possibilitando, com isso, que os mun\u00edcipes e a comunidade em geral acompanhem e participem da audi\u00eancia p\u00fablica, tamb\u00e9m de forma remota.<\/p>\n<p>A convoca\u00e7\u00e3o da audi\u00eancia p\u00fablica foi feita atrav\u00e9s do procedimento n. 08\/2022 do Poder Legislativo que organiza as audi\u00eancias p\u00fablicas, pela presidente da Mesa Diretora, professora mestre Manuelina Martins da Silva Arantes Cabral e pelo vereador Ailton Martins de Amorim, presidente da Comiss\u00e3o Permanente de Sa\u00fade do Legislativo Municipal, para os fins do disposto no \u00a7 5\u00ba, do artigo 36, da Lei Complementar Federal n\u00b0 141, de 13 de janeiro de 2013, e publicado nesta ter\u00e7a-feira (2), na edi\u00e7\u00e3o 3239, p\u00e1gina 7, no Di\u00e1rio Oficial Online.<\/p><\/div>\n<div><\/div>\n<div class=\"ntc_cont_descricao_noticia sw_txteditor\"><a href=\"https:\/\/www.ocorreionews.com.br\/acervo-correio\/wp-content\/uploads\/2022\/08\/d209f6e0ed864e33b6f8f23acb99df5801.jpg\"><img loading=\"lazy\" decoding=\"async\" class=\"alignnone size-full wp-image-213743\" src=\"https:\/\/www.ocorreionews.com.br\/acervo-correio\/wp-content\/uploads\/2022\/08\/d209f6e0ed864e33b6f8f23acb99df5801.jpg\" alt=\"\" width=\"600\" height=\"600\" srcset=\"https:\/\/www.ocorreionews.com.br\/acervo-correio\/wp-content\/uploads\/2022\/08\/d209f6e0ed864e33b6f8f23acb99df5801.jpg 600w, https:\/\/www.ocorreionews.com.br\/acervo-correio\/wp-content\/uploads\/2022\/08\/d209f6e0ed864e33b6f8f23acb99df5801-300x300.jpg 300w, https:\/\/www.ocorreionews.com.br\/acervo-correio\/wp-content\/uploads\/2022\/08\/d209f6e0ed864e33b6f8f23acb99df5801-150x150.jpg 150w\" sizes=\"auto, (max-width: 600px) 100vw, 600px\" \/><\/a>\n<\/div>\n<div class=\"ntc_area_info_noticia sw_lato\">\n<div>\n<div class=\"ntc_info_noticia\"><strong class=\"sw_lato_black\">Fonte: <\/strong>Assessoria de Comunica\u00e7\u00e3o &#8211; PMCR, <strong class=\"sw_lato_black\">\u00a0<\/strong>Silvestre de Castro<\/div>\n<\/div>\n<\/div>\n","protected":false},"excerpt":{"rendered":"<p>Os Poderes Executivo e Legislativo do Munic\u00edpio de Costa Rica, realizam na pr\u00f3xima ter\u00e7a-feira (9), \u00e0s 9 horas no Plen\u00e1rio das Delibera\u00e7\u00f5es \u201cVereador Simino Jorge de Oliveira\u201d, da C\u00e2mara Municipal, uma Audi\u00eancia P\u00fablica perante os vereadores e a popula\u00e7\u00e3o em geral. Na oportunidade a Secretaria Municipal de Sa\u00fade apresentar\u00e1 o relat\u00f3rio de presta\u00e7\u00e3o de contas [&hellip;]<\/p>\n","protected":false},"author":5,"featured_media":213743,"comment_status":"closed","ping_status":"closed","sticky":false,"template":"","format":"standard","meta":{"footnotes":""},"categories":[25],"tags":[],"class_list":["post-213738","post","type-post","status-publish","format-standard","has-post-thumbnail","hentry","category-costa-rica"],"_links":{"self":[{"href":"https:\/\/www.ocorreionews.com.br\/acervo-correio\/index.php?rest_route=\/wp\/v2\/posts\/213738","targetHints":{"allow":["GET"]}}],"collection":[{"href":"https:\/\/www.ocorreionews.com.br\/acervo-correio\/index.php?rest_route=\/wp\/v2\/posts"}],"about":[{"href":"https:\/\/www.ocorreionews.com.br\/acervo-correio\/index.php?rest_route=\/wp\/v2\/types\/post"}],"author":[{"embeddable":true,"href":"https:\/\/www.ocorreionews.com.br\/acervo-correio\/index.php?rest_route=\/wp\/v2\/users\/5"}],"replies":[{"embeddable":true,"href":"https:\/\/www.ocorreionews.com.br\/acervo-correio\/index.php?rest_route=%2Fwp%2Fv2%2Fcomments&post=213738"}],"version-history":[{"count":1,"href":"https:\/\/www.ocorreionews.com.br\/acervo-correio\/index.php?rest_route=\/wp\/v2\/posts\/213738\/revisions"}],"predecessor-version":[{"id":213745,"href":"https:\/\/www.ocorreionews.com.br\/acervo-correio\/index.php?rest_route=\/wp\/v2\/posts\/213738\/revisions\/213745"}],"wp:featuredmedia":[{"embeddable":true,"href":"https:\/\/www.ocorreionews.com.br\/acervo-correio\/index.php?rest_route=\/wp\/v2\/media\/213743"}],"wp:attachment":[{"href":"https:\/\/www.ocorreionews.com.br\/acervo-correio\/index.php?rest_route=%2Fwp%2Fv2%2Fmedia&parent=213738"}],"wp:term":[{"taxonomy":"category","embeddable":true,"href":"https:\/\/www.ocorreionews.com.br\/acervo-correio\/index.php?rest_route=%2Fwp%2Fv2%2Fcategories&post=213738"},{"taxonomy":"post_tag","embeddable":true,"href":"https:\/\/www.ocorreionews.com.br\/acervo-correio\/index.php?rest_route=%2Fwp%2Fv2%2Ftags&post=213738"}],"curies":[{"name":"wp","href":"https:\/\/api.w.org\/{rel}","templated":true}]}}