{"id":213747,"date":"2022-08-04T08:31:15","date_gmt":"2022-08-04T12:31:15","guid":{"rendered":"https:\/\/www.ocorreionews.com.br\/acervo-correio\/?p=213747"},"modified":"2022-08-04T08:31:15","modified_gmt":"2022-08-04T12:31:15","slug":"costa-rica-disputa-2a-fase-da-copa-assomasul-no-proximo-sabado","status":"publish","type":"post","link":"https:\/\/www.ocorreionews.com.br\/acervo-correio\/?p=213747","title":{"rendered":"Costa Rica disputa 2\u00aa fase da Copa Assomasul no pr\u00f3ximo s\u00e1bado"},"content":{"rendered":"<div class=\"ntc_cont_descricao_noticia sw_txteditor\">\n<div>O time de Costa Rica entra em campo no pr\u00f3ximo s\u00e1bado (6), em Sidrol\u00e2ndia, na disputa da 2\u00aa fase da 18\u00aa Copa Assomasul de Futebol. As partidas t\u00eam in\u00edcio as 7h30 e acontecem no Est\u00e1dio Municipal Sotero Zarate.<\/p>\n<p>Al\u00e9m de Costa Rica, tamb\u00e9m participam desta rodada as equipes de Bela Vista, Campo Grande, Figueir\u00e3o, Itapor\u00e3 e Sidrol\u00e2ndia. Tr\u00eas equipes ser\u00e3o classificadas para a pr\u00f3xima fase.<\/p>\n<p>A Copa Assomsul \u00e9 uma iniciativa da entidade em parceria com a Fundesporte e o Governo do Estado, visando a integra\u00e7\u00e3o entre servidores p\u00fablicos municipais. Ao todo 72 equipes entraram na competi\u00e7\u00e3o e 36 seguem agora na 2\u00aa fase, dividia em grupos de 6 times.<\/p>\n<p>A delega\u00e7\u00e3o de Costa Rica \u00e9 composta 22 servidores p\u00fablicos municipais e tem como t\u00e9cnico o professor Rubens Pereira Lima e auxiliar t\u00e9cnico, Paulo Edson.<\/p>\n<p>A maior expectativa da diretoria da Assomasul \u00e9 de um grande campeonato, incluindo disciplina entre os atletas e dirigentes com o objetivo sempre\u00a0do bom andamento da competi\u00e7\u00e3o esportiva.<\/p>\n<p><strong>Premia\u00e7\u00e3o<\/strong><br \/>\nAl\u00e9m de trof\u00e9us e medalhas para as quatro primeiras equipes e para o artilheiro e goleiro menos vazado, esse ano o grande campe\u00e3o ganhar\u00e1 do Governo do Estado, uma arena com quadra de futebol sint\u00e9tica.<\/div>\n<\/div>\n<div class=\"ntc_area_info_noticia sw_lato\">\n<div>\n<div class=\"ntc_info_noticia\"><strong class=\"sw_lato_black\">Fonte: <\/strong>Assessoria de Comunica\u00e7\u00e3o,<strong class=\"sw_lato_black\">\u00a0<\/strong>Angela Bezerra<\/div>\n<\/div>\n<\/div>\n","protected":false},"excerpt":{"rendered":"<p>O time de Costa Rica entra em campo no pr\u00f3ximo s\u00e1bado (6), em Sidrol\u00e2ndia, na disputa da 2\u00aa fase da 18\u00aa Copa Assomasul de Futebol. As partidas t\u00eam in\u00edcio as 7h30 e acontecem no Est\u00e1dio Municipal Sotero Zarate. Al\u00e9m de Costa Rica, tamb\u00e9m participam desta rodada as equipes de Bela Vista, Campo Grande, Figueir\u00e3o, Itapor\u00e3 [&hellip;]<\/p>\n","protected":false},"author":5,"featured_media":213742,"comment_status":"closed","ping_status":"closed","sticky":false,"template":"","format":"standard","meta":{"footnotes":""},"categories":[25],"tags":[],"class_list":["post-213747","post","type-post","status-publish","format-standard","has-post-thumbnail","hentry","category-costa-rica"],"_links":{"self":[{"href":"https:\/\/www.ocorreionews.com.br\/acervo-correio\/index.php?rest_route=\/wp\/v2\/posts\/213747","targetHints":{"allow":["GET"]}}],"collection":[{"href":"https:\/\/www.ocorreionews.com.br\/acervo-correio\/index.php?rest_route=\/wp\/v2\/posts"}],"about":[{"href":"https:\/\/www.ocorreionews.com.br\/acervo-correio\/index.php?rest_route=\/wp\/v2\/types\/post"}],"author":[{"embeddable":true,"href":"https:\/\/www.ocorreionews.com.br\/acervo-correio\/index.php?rest_route=\/wp\/v2\/users\/5"}],"replies":[{"embeddable":true,"href":"https:\/\/www.ocorreionews.com.br\/acervo-correio\/index.php?rest_route=%2Fwp%2Fv2%2Fcomments&post=213747"}],"version-history":[{"count":1,"href":"https:\/\/www.ocorreionews.com.br\/acervo-correio\/index.php?rest_route=\/wp\/v2\/posts\/213747\/revisions"}],"predecessor-version":[{"id":213749,"href":"https:\/\/www.ocorreionews.com.br\/acervo-correio\/index.php?rest_route=\/wp\/v2\/posts\/213747\/revisions\/213749"}],"wp:featuredmedia":[{"embeddable":true,"href":"https:\/\/www.ocorreionews.com.br\/acervo-correio\/index.php?rest_route=\/wp\/v2\/media\/213742"}],"wp:attachment":[{"href":"https:\/\/www.ocorreionews.com.br\/acervo-correio\/index.php?rest_route=%2Fwp%2Fv2%2Fmedia&parent=213747"}],"wp:term":[{"taxonomy":"category","embeddable":true,"href":"https:\/\/www.ocorreionews.com.br\/acervo-correio\/index.php?rest_route=%2Fwp%2Fv2%2Fcategories&post=213747"},{"taxonomy":"post_tag","embeddable":true,"href":"https:\/\/www.ocorreionews.com.br\/acervo-correio\/index.php?rest_route=%2Fwp%2Fv2%2Ftags&post=213747"}],"curies":[{"name":"wp","href":"https:\/\/api.w.org\/{rel}","templated":true}]}}