{"id":213748,"date":"2022-08-04T08:43:10","date_gmt":"2022-08-04T12:43:10","guid":{"rendered":"https:\/\/www.ocorreionews.com.br\/acervo-correio\/?p=213748"},"modified":"2022-08-04T08:50:56","modified_gmt":"2022-08-04T12:50:56","slug":"morre-jovem-que-desenvolveu-cancer-apos-consumo-de-narguile-veja-video","status":"publish","type":"post","link":"https:\/\/www.ocorreionews.com.br\/acervo-correio\/?p=213748","title":{"rendered":"Morre jovem que desenvolveu c\u00e2ncer ap\u00f3s consumo de narguil\u00e9"},"content":{"rendered":"<div class=\"cxmmr5t8 oygrvhab hcukyx3x c1et5uql o9v6fnle ii04i59q\">\n<div dir=\"auto\">A jovem descobriu o primeiro c\u00e2ncer aos 22 anos Nayara Moura, 25 anos, natural de Tangar\u00e1 da Serra (a 250 km de Cuiab\u00e1), n\u00e3o resistiu a luta contra o de c\u00e2ncer no pulm\u00e3o pelo uso de narguil\u00e9, e morreu nessa segunda-feira (1\u00ba.08), em Mato Grosso do Sul. A jovem foi diagnosticada pela doen\u00e7a por duas vezes no mesmo lugar. Ela estava enfrentando o tratamento do segundo tumor.<\/div>\n<div dir=\"auto\">Em julho de 2019, com 22 anos, Nayara come\u00e7ou a sentir os primeiros sintomas da doen\u00e7a. Segundo ela, febres, depois perda de peso, foram 12 quilos em menos de um m\u00eas, tosse, falta de ar \u2013 \u201cEu n\u00e3o dormir deitada, tinha que ser sentada\u201d.<\/div>\n<div dir=\"auto\">Em entrevista ao programa Com\u00e9dia &amp; Fam\u00edlia, em 17 janeiro de 2020, a jovem contou que sua trajet\u00f3ria ap\u00f3s a descoberta do c\u00e2ncer e f\u00e9 na cura. Ela ainda alertou as pessoas a se prevenirem da doen\u00e7a. \u201cA gente fuma sabendo que faz mal, a fuma\u00e7a equivale a 100 cigarros, na hora ningu\u00e9m sabe, mas na dor a gente sabe\u201d<\/div>\n<div dir=\"auto\">Em mar\u00e7o de 2021, em sua p\u00e1gina do Facebook, a jovem comemorou a data como o dia do seu renascimento. \u201cHoje estou completando 1 ano sem quimioterapia, 1 ano curada para a honra e gl\u00f3ria de Jesus Cristo. Tenho o privil\u00e9gio de fazer anivers\u00e1rio duas vezes no ano, um o nascimento e outro o renascimento!\u201d.<\/div>\n<div dir=\"auto\">J\u00e1 em junho deste ano, Nayara usou sua p\u00e1gina do Tik Tok para deixar uma mensagem declarando que o c\u00e2ncer teria voltado no mesmo lugar.<\/div>\n<div dir=\"auto\">\u201cSeria injusto n\u00e3o compartilhar com algumas pessoas que esteve ao meu lado no passado&#8230;com dor no cora\u00e7\u00e3o digo que o C\u00c2NCER voltou no mesmo lugar. Me encontro abalada emocionalmente, mas pronta para qualquer coisa que vir pela frente. Tenho pessoas que me amam do meu lado, isso \u00e9 meu combust\u00edvel. F\u00e1cil n\u00e3o \u00e9, mas que seja sua vontade!\u201d.<\/div>\n<div dir=\"auto\">\u201cCom imenso pesar &#8230;.nossa guerreira partiu . Lutou at\u00e9 o fim contra um c\u00e2ncer, agora foi descansar com Deus. Fica se alerta para todos os jovens que fumam Narguil\u00e9, cigarro eletr\u00f4nico e todas essas coisas que jovem gosta, a vida n\u00e3o escolhe ningu\u00e9m, com a sa\u00fade n\u00e3o se brinca. Assistam os v\u00eddeos dela e ir\u00e3o entender todo o processo. Vai em paz menina &#8230;brilha do c\u00e9u por todos n\u00f3s\u201d.<\/div>\n<div dir=\"auto\">\u201cAinda sem acreditar que voc\u00ea se foi Nayara Moura, t\u00e3o jovem t\u00e3o linda. Pod\u00edamos n\u00e3o estar muito pr\u00f3ximos mais, mas nunca foi esquecer dos tempos juntos na escola e em casa tamb\u00e9m, voc\u00ea lutou foi uma guerreira, mas Deus te escolheu para estar ao lado dele, sentirei saudades. Voc\u00ea foi luz! Meus p\u00easames a toda fam\u00edlia\u201d.<\/div>\n<\/div>\n<div class=\"cxmmr5t8 oygrvhab hcukyx3x c1et5uql o9v6fnle ii04i59q\">\n<div dir=\"auto\">Fonte: Araguaia Not\u00edcia<\/div>\n<\/div>\n","protected":false},"excerpt":{"rendered":"<p>A jovem descobriu o primeiro c\u00e2ncer aos 22 anos Nayara Moura, 25 anos, natural de Tangar\u00e1 da Serra (a 250 km de Cuiab\u00e1), n\u00e3o resistiu a luta contra o de c\u00e2ncer no pulm\u00e3o pelo uso de narguil\u00e9, e morreu nessa segunda-feira (1\u00ba.08), em Mato Grosso do Sul. A jovem foi diagnosticada pela doen\u00e7a por duas [&hellip;]<\/p>\n","protected":false},"author":4,"featured_media":213756,"comment_status":"closed","ping_status":"closed","sticky":false,"template":"","format":"standard","meta":{"footnotes":""},"categories":[38],"tags":[],"class_list":["post-213748","post","type-post","status-publish","format-standard","has-post-thumbnail","hentry","category-policia"],"_links":{"self":[{"href":"https:\/\/www.ocorreionews.com.br\/acervo-correio\/index.php?rest_route=\/wp\/v2\/posts\/213748","targetHints":{"allow":["GET"]}}],"collection":[{"href":"https:\/\/www.ocorreionews.com.br\/acervo-correio\/index.php?rest_route=\/wp\/v2\/posts"}],"about":[{"href":"https:\/\/www.ocorreionews.com.br\/acervo-correio\/index.php?rest_route=\/wp\/v2\/types\/post"}],"author":[{"embeddable":true,"href":"https:\/\/www.ocorreionews.com.br\/acervo-correio\/index.php?rest_route=\/wp\/v2\/users\/4"}],"replies":[{"embeddable":true,"href":"https:\/\/www.ocorreionews.com.br\/acervo-correio\/index.php?rest_route=%2Fwp%2Fv2%2Fcomments&post=213748"}],"version-history":[{"count":1,"href":"https:\/\/www.ocorreionews.com.br\/acervo-correio\/index.php?rest_route=\/wp\/v2\/posts\/213748\/revisions"}],"predecessor-version":[{"id":213757,"href":"https:\/\/www.ocorreionews.com.br\/acervo-correio\/index.php?rest_route=\/wp\/v2\/posts\/213748\/revisions\/213757"}],"wp:featuredmedia":[{"embeddable":true,"href":"https:\/\/www.ocorreionews.com.br\/acervo-correio\/index.php?rest_route=\/wp\/v2\/media\/213756"}],"wp:attachment":[{"href":"https:\/\/www.ocorreionews.com.br\/acervo-correio\/index.php?rest_route=%2Fwp%2Fv2%2Fmedia&parent=213748"}],"wp:term":[{"taxonomy":"category","embeddable":true,"href":"https:\/\/www.ocorreionews.com.br\/acervo-correio\/index.php?rest_route=%2Fwp%2Fv2%2Fcategories&post=213748"},{"taxonomy":"post_tag","embeddable":true,"href":"https:\/\/www.ocorreionews.com.br\/acervo-correio\/index.php?rest_route=%2Fwp%2Fv2%2Ftags&post=213748"}],"curies":[{"name":"wp","href":"https:\/\/api.w.org\/{rel}","templated":true}]}}