{"id":213750,"date":"2022-08-04T08:36:57","date_gmt":"2022-08-04T12:36:57","guid":{"rendered":"https:\/\/www.ocorreionews.com.br\/acervo-correio\/?p=213750"},"modified":"2022-08-04T09:34:58","modified_gmt":"2022-08-04T13:34:58","slug":"projeto-primavera-abre-inscricoes-para-debutantes-a-partir-desta-quinta-feira","status":"publish","type":"post","link":"https:\/\/www.ocorreionews.com.br\/acervo-correio\/?p=213750","title":{"rendered":"Esta aberta as inscri\u00e7\u00f5es para as debutantes do Projeto Primavera em Costa Rica"},"content":{"rendered":"<p>A Prefeitura Municipal de Costa Rica por meio da Secretaria Municipal de Assist\u00eancia Social, informa que a partir desta quinta-feira (4) est\u00e1 abertas as inscri\u00e7\u00f5es para o Projeto Primavera. A iniciativa \u00e9 voltada exclusivamente para adolescentes nascidas em 2007 e pretende atender mais de 35 debutantes de Costa Rica.<\/p>\n<div class=\"ntc_cont_descricao_noticia sw_txteditor\">\n<div>\nAs inscri\u00e7\u00f5es devem ser feitas na sede da Secretaria Municipal de Assist\u00eancia localizada na Rua Ambrosina Paes Coelho, N\u00b0. 272, Centro, at\u00e9 o dia 15 de agosto. \u00a0Para se inscrever \u00e9 necess\u00e1rio apresentar CPF, RG, comprovante de endere\u00e7o e comprovante de vacina\u00e7\u00e3o em dia, tamb\u00e9m \u00e9 necess\u00e1rio apresentar CPF e RG do respons\u00e1vel.<\/p>\n<p>Conforme a secret\u00e1ria municipal de Assist\u00eancia Social, Evair Gomes, al\u00e9m da celebra\u00e7\u00e3o do anivers\u00e1rio coletivo, as debutantes tamb\u00e9m passar\u00e3o por oficinas socioeducativas com temas pontuais e pertinentes.<\/p>\n<p>\u201cAl\u00e9m de comemorar e marcar a fase de transi\u00e7\u00e3o na vida das adolescentes, o Projeto Primavera visa durante sua execu\u00e7\u00e3o despertar as adolescentes para a realidade da vida e seus desafios, buscando a inser\u00e7\u00e3o das mesmas na sociedade. Por conta da pandemia, em 2021 o projeto n\u00e3o p\u00f4de ser realizado, mas retorna este ano ainda maior e melhor, focado sempre em realizar o sonho e despertar cada vez mais alegria na vida destas meninas\u201d, justifica a secret\u00e1ria.<\/p>\n<p>O tradicional baile das debutantes com a apresenta\u00e7\u00e3o das participantes, jantar e apresenta\u00e7\u00e3o musical est\u00e1 previsto para 19 de novembro no Centro de Conviv\u00eancia do Idoso.<\/p>\n<p><strong>Condicionalidades<\/strong><\/p>\n<p>Para participar do projeto, as adolescentes dever\u00e3o cumprir algumas normas abaixo descritas pela Secretaria de Assist\u00eancia Social:<\/p>\n<p>&#8211; Ser do sexo feminino;<br \/>\n&#8211; Nascidas no ano de 2007;<br \/>\n&#8211; Fazer as inscri\u00e7\u00f5es no per\u00edodo estabelecido, apresentar Documentos Pessoais (Certid\u00e3o de Nascimento e ou RG);<br \/>\n&#8211; Estar matriculada regularmente na rede de ensino e frequentes nas aulas;<br \/>\n&#8211; Ter pontualidade nas oficinas socioeducativas;<br \/>\n&#8211; N\u00e3o ser casada ou amasiada, e nem possuir filhos.<\/p>\n<p>Para mais informa\u00e7\u00f5es o telefone para contato \u00e9 o (67) 3247-7061 (falar com Zeila)<\/p><\/div>\n<\/div>\n<p>&nbsp;<\/p>\n<p><img loading=\"lazy\" decoding=\"async\" class=\"imgcentraliza\" src=\"https:\/\/www.costarica.ms.gov.br\/fotos\/b1ebfe4547c25c74a394e7adcb2e6f57.jpg\" alt=\"Foto Noticia Principal Grande\" width=\"629\" height=\"629\" \/><\/p>\n<div class=\"ntc_area_info_noticia sw_lato\">\n<div>\n<div class=\"ntc_info_noticia\"><strong class=\"sw_lato_black\">Fonte: <\/strong>Assessoria de Comunica\u00e7\u00e3o,<strong class=\"sw_lato_black\">\u00a0<\/strong>Angela Bezerra<\/div>\n<\/div>\n<\/div>\n","protected":false},"excerpt":{"rendered":"<p>A Prefeitura Municipal de Costa Rica por meio da Secretaria Municipal de Assist\u00eancia Social, informa que a partir desta quinta-feira (4) est\u00e1 abertas as inscri\u00e7\u00f5es para o Projeto Primavera. A iniciativa \u00e9 voltada exclusivamente para adolescentes nascidas em 2007 e pretende atender mais de 35 debutantes de Costa Rica. As inscri\u00e7\u00f5es devem ser feitas na [&hellip;]<\/p>\n","protected":false},"author":5,"featured_media":213751,"comment_status":"closed","ping_status":"closed","sticky":false,"template":"","format":"standard","meta":{"footnotes":""},"categories":[25,41],"tags":[],"class_list":["post-213750","post","type-post","status-publish","format-standard","has-post-thumbnail","hentry","category-costa-rica","category-destaque"],"_links":{"self":[{"href":"https:\/\/www.ocorreionews.com.br\/acervo-correio\/index.php?rest_route=\/wp\/v2\/posts\/213750","targetHints":{"allow":["GET"]}}],"collection":[{"href":"https:\/\/www.ocorreionews.com.br\/acervo-correio\/index.php?rest_route=\/wp\/v2\/posts"}],"about":[{"href":"https:\/\/www.ocorreionews.com.br\/acervo-correio\/index.php?rest_route=\/wp\/v2\/types\/post"}],"author":[{"embeddable":true,"href":"https:\/\/www.ocorreionews.com.br\/acervo-correio\/index.php?rest_route=\/wp\/v2\/users\/5"}],"replies":[{"embeddable":true,"href":"https:\/\/www.ocorreionews.com.br\/acervo-correio\/index.php?rest_route=%2Fwp%2Fv2%2Fcomments&post=213750"}],"version-history":[{"count":1,"href":"https:\/\/www.ocorreionews.com.br\/acervo-correio\/index.php?rest_route=\/wp\/v2\/posts\/213750\/revisions"}],"predecessor-version":[{"id":213772,"href":"https:\/\/www.ocorreionews.com.br\/acervo-correio\/index.php?rest_route=\/wp\/v2\/posts\/213750\/revisions\/213772"}],"wp:featuredmedia":[{"embeddable":true,"href":"https:\/\/www.ocorreionews.com.br\/acervo-correio\/index.php?rest_route=\/wp\/v2\/media\/213751"}],"wp:attachment":[{"href":"https:\/\/www.ocorreionews.com.br\/acervo-correio\/index.php?rest_route=%2Fwp%2Fv2%2Fmedia&parent=213750"}],"wp:term":[{"taxonomy":"category","embeddable":true,"href":"https:\/\/www.ocorreionews.com.br\/acervo-correio\/index.php?rest_route=%2Fwp%2Fv2%2Fcategories&post=213750"},{"taxonomy":"post_tag","embeddable":true,"href":"https:\/\/www.ocorreionews.com.br\/acervo-correio\/index.php?rest_route=%2Fwp%2Fv2%2Ftags&post=213750"}],"curies":[{"name":"wp","href":"https:\/\/api.w.org\/{rel}","templated":true}]}}