{"id":21385,"date":"2016-02-25T16:14:18","date_gmt":"2016-02-25T20:14:18","guid":{"rendered":"https:\/\/ocorreionews.com.br\/?p=21385"},"modified":"2016-02-25T16:14:18","modified_gmt":"2016-02-25T20:14:18","slug":"prefeitura-de-paraiso-das-aguas-realiza-audiencia-publica-na-proxima-segunda-feira","status":"publish","type":"post","link":"https:\/\/www.ocorreionews.com.br\/acervo-correio\/?p=21385","title":{"rendered":"Prefeitura de Para\u00edso das \u00c1guas realiza Audi\u00eancia P\u00fablica na pr\u00f3xima segunda-feira"},"content":{"rendered":"<p>A Prefeitura Municipal de Para\u00edso das \u00c1guas, convida os mun\u00edcipes para participarem da Audi\u00eancia P\u00fablica que ser\u00e1 realizada na pr\u00f3xima segunda-feira, dia 29 de fevereiro, \u00e0s 17h15min na C\u00e2mara Municipal.<\/p>\n<p>Na ocasi\u00e3o ser\u00e1 realizada a presta\u00e7\u00e3o de contas do Relat\u00f3rio Resumido de Execu\u00e7\u00e3o Or\u00e7ament\u00e1ria do 4\u00ba ao 6\u00ba bimestre do exerc\u00edcio de 2015 e do Relat\u00f3rio de Gest\u00e3o Fiscal do 2\u00ba semestre do exerc\u00edcio de 2015 (Prefeitura Municipal, Fundos Municipais e C\u00e2mara Municipal), conforme determina o art. 48 da Lei n\u00ba 101\/2000-Lei de Responsabilidade Fiscal.<\/p>\n<p>&nbsp;<\/p>\n<p>&nbsp;<\/p>\n<p>&nbsp;<\/p>\n<p>Assessoria<\/p>\n","protected":false},"excerpt":{"rendered":"<p>A Prefeitura Municipal de Para\u00edso das \u00c1guas, convida os mun\u00edcipes para participarem da Audi\u00eancia P\u00fablica que ser\u00e1 realizada na pr\u00f3xima segunda-feira, dia 29 de fevereiro, \u00e0s 17h15min na C\u00e2mara Municipal. Na ocasi\u00e3o ser\u00e1 realizada a presta\u00e7\u00e3o de contas do Relat\u00f3rio Resumido de Execu\u00e7\u00e3o Or\u00e7ament\u00e1ria do 4\u00ba ao 6\u00ba bimestre do exerc\u00edcio de 2015 e do [&hellip;]<\/p>\n","protected":false},"author":4,"featured_media":16374,"comment_status":"closed","ping_status":"closed","sticky":false,"template":"","format":"standard","meta":{"footnotes":""},"categories":[36],"tags":[],"class_list":["post-21385","post","type-post","status-publish","format-standard","has-post-thumbnail","hentry","category-paraiso-das-aguas"],"_links":{"self":[{"href":"https:\/\/www.ocorreionews.com.br\/acervo-correio\/index.php?rest_route=\/wp\/v2\/posts\/21385","targetHints":{"allow":["GET"]}}],"collection":[{"href":"https:\/\/www.ocorreionews.com.br\/acervo-correio\/index.php?rest_route=\/wp\/v2\/posts"}],"about":[{"href":"https:\/\/www.ocorreionews.com.br\/acervo-correio\/index.php?rest_route=\/wp\/v2\/types\/post"}],"author":[{"embeddable":true,"href":"https:\/\/www.ocorreionews.com.br\/acervo-correio\/index.php?rest_route=\/wp\/v2\/users\/4"}],"replies":[{"embeddable":true,"href":"https:\/\/www.ocorreionews.com.br\/acervo-correio\/index.php?rest_route=%2Fwp%2Fv2%2Fcomments&post=21385"}],"version-history":[{"count":0,"href":"https:\/\/www.ocorreionews.com.br\/acervo-correio\/index.php?rest_route=\/wp\/v2\/posts\/21385\/revisions"}],"wp:featuredmedia":[{"embeddable":true,"href":"https:\/\/www.ocorreionews.com.br\/acervo-correio\/index.php?rest_route=\/wp\/v2\/media\/16374"}],"wp:attachment":[{"href":"https:\/\/www.ocorreionews.com.br\/acervo-correio\/index.php?rest_route=%2Fwp%2Fv2%2Fmedia&parent=21385"}],"wp:term":[{"taxonomy":"category","embeddable":true,"href":"https:\/\/www.ocorreionews.com.br\/acervo-correio\/index.php?rest_route=%2Fwp%2Fv2%2Fcategories&post=21385"},{"taxonomy":"post_tag","embeddable":true,"href":"https:\/\/www.ocorreionews.com.br\/acervo-correio\/index.php?rest_route=%2Fwp%2Fv2%2Ftags&post=21385"}],"curies":[{"name":"wp","href":"https:\/\/api.w.org\/{rel}","templated":true}]}}