{"id":21399,"date":"2016-02-26T07:15:21","date_gmt":"2016-02-26T11:15:21","guid":{"rendered":"https:\/\/ocorreionews.com.br\/?p=21399"},"modified":"2016-02-26T07:47:51","modified_gmt":"2016-02-26T11:47:51","slug":"por-falta-de-provas-ex-prefeito-de-alcinopolis-nao-vai-ser-julgado-morte-de-vereador","status":"publish","type":"post","link":"https:\/\/www.ocorreionews.com.br\/acervo-correio\/?p=21399","title":{"rendered":"Por falta de provas ex-prefeito de Alcin\u00f3polis n\u00e3o vai ser julgado por morte de vereador"},"content":{"rendered":"<figure id=\"attachment_21405\" aria-describedby=\"caption-attachment-21405\" style=\"width: 300px\" class=\"wp-caption alignleft\"><a href=\"https:\/\/ocorreionews.com.br\/wp-content\/uploads\/2016\/02\/Manoel-Nunes-da-Silva.jpg\" rel=\"attachment wp-att-21405\"><img loading=\"lazy\" decoding=\"async\" class=\"wp-image-21405 size-medium\" src=\"https:\/\/ocorreionews.com.br\/wp-content\/uploads\/2016\/02\/Manoel-Nunes-da-Silva-300x200.jpg\" alt=\"Manoel Nunes da Silva\" width=\"300\" height=\"200\" srcset=\"https:\/\/www.ocorreionews.com.br\/acervo-correio\/wp-content\/uploads\/2016\/02\/Manoel-Nunes-da-Silva-300x200.jpg 300w, https:\/\/www.ocorreionews.com.br\/acervo-correio\/wp-content\/uploads\/2016\/02\/Manoel-Nunes-da-Silva.jpg 600w\" sizes=\"auto, (max-width: 300px) 100vw, 300px\" \/><\/a><figcaption id=\"caption-attachment-21405\" class=\"wp-caption-text\">Manoel Nunes da Silva<\/figcaption><\/figure>\n<p>O juiz da 2\u00aa Vara do Tribunal do J\u00fari de Campo Grande, Aluizio Pereira dos Santos, impronunciou o ex-prefeito de Alcin\u00f3polis, Manoel Nunes da Silva, da acusa\u00e7\u00e3o de ser o mandante do assassinato do vereador e presidente da C\u00e2mara Municipal Carlos Ant\u00f4nio Costa Carneiro, por insufici\u00eancia de provas.<\/p>\n<p>O crime aconteceu no dia 26 de outubro de 2010, na esquina da Avenida Guia Lopes com a Avenida Afonso Pena, ao lado do Hotel Vale Verde, em Campo Grande. A v\u00edtima foi morta a tiros e um dos acusados disse que o crime foi encomendado.<\/p>\n<p>De acordo com a den\u00fancia, o prefeito teria agido em conjunto com Irineu Maciel, Valdemir Vansan e Aparecido de Souza Fernandes e combinado a morte da v\u00edtima por conta de desaven\u00e7a pol\u00edtica.<\/p>\n<figure id=\"attachment_21403\" aria-describedby=\"caption-attachment-21403\" style=\"width: 249px\" class=\"wp-caption alignright\"><a href=\"https:\/\/ocorreionews.com.br\/wp-content\/uploads\/2016\/02\/vereador-Carlos-Ant\u00f4nio-Carneiro.jpg\" rel=\"attachment wp-att-21403\"><img loading=\"lazy\" decoding=\"async\" class=\"wp-image-21403 size-medium\" src=\"https:\/\/ocorreionews.com.br\/wp-content\/uploads\/2016\/02\/vereador-Carlos-Ant\u00f4nio-Carneiro-249x300.jpg\" alt=\"vereador Carlos Ant\u00f4nio Carneiro\" width=\"249\" height=\"300\" \/><\/a><figcaption id=\"caption-attachment-21403\" class=\"wp-caption-text\">Carlos Ant\u00f4nio Carneiro<\/figcaption><\/figure>\n<p>Carlos Ant\u00f4nio era presidente da C\u00e2mara e junto com outros quatro parlamentares formavam oposi\u00e7\u00e3o ao prefeito. Por este motivo, conforme a den\u00fancia, Manoel teria planejado a morte do vereador para que o primeiro suplente assumisse a vaga dele na C\u00e2mara, formando maioria favor\u00e1vel ao prefeito.<\/p>\n<p>Ainda de acordo com a den\u00fancia, no dia do crime, a v\u00edtima estava em Campo Grande para protocolar den\u00fancia contra o prefeito junto ao Tribunal de Contas.<\/p>\n<p>De acordo com o juiz, ficou comprovada que havia a desaven\u00e7a pol\u00edtica entre as partes, no entanto, n\u00e3o existem provas de que o prefeito tenha sido o mandante do crime. Registros obtidos por intercepta\u00e7\u00f5es telef\u00f4nicas e depoimento de testemunhas resultaram apenas em \u201cmeros elementos de suposi\u00e7\u00e3o\u201d, segundo o magistrado.<\/p>\n<p>O juiz considerou ainda que nos depoimentos dos autores do crime, nenhum confessou que o prefeito teria sido o mandante e que n\u00e3o houve movimenta\u00e7\u00e3o nas contas banc\u00e1rias que justificariam o pagamento prometido aos assassinos. Al\u00e9m disso, n\u00e3o h\u00e1 men\u00e7\u00e3o ao crime nas escutas telef\u00f4nicas.<\/p>\n<p>Conforme o processo, apenas um dos executores se limitou, segundo a pol\u00edcia, a dizer que tinha mandante, por\u00e9m, sem atribuir a ningu\u00e9m. Dessa forma, Manoel foi impronunciado das acusa\u00e7\u00f5es e n\u00e3o ser\u00e1 julgado pelo crime.<\/p>\n<p><strong>O CASO<\/strong><\/p>\n<p>Carneiro foi morto por dois homens que estavam em uma moto. Houve persegui\u00e7\u00e3o dos atiradores por policiais e, no cruzamento da Avenida Afonso Pena com a rua Guia Lopes, os dois se entregaram.<\/p>\n<p>Aparecido de Souza Fernandes pilotava a moto durante o crime. O acusado de ter efetuado os disparos, Irineu Maciel, confessou que efetuou tr\u00eas disparos contra o vereador sob encomenda intermediada por Valdemir Vansan, que tamb\u00e9m teria fornecido a arma usada no crime.<\/p>\n<p>Os executores Irineu Maciel e Valmir\u00a0Vasan. foram presos em flagrante e condenados, respectivamente, o primeiro \u00e0 pena de 19 anos de reclus\u00e3o e o segundo a 18 anos de reclus\u00e3o, os quais recorreram ao Tribunal de Justi\u00e7a de Mato Grosso do Sul (TJ-MS) e tiveram a pena reduzida de ambos para 16 anos de reclus\u00e3o e 15 anos de reclus\u00e3o, respectivamente. Aparecido de Souza Fernandes foi inocentado.<\/p>\n<p>&nbsp;<\/p>\n<p>&nbsp;<\/p>\n<p>Correio do Estado<\/p>\n","protected":false},"excerpt":{"rendered":"<p>O juiz da 2\u00aa Vara do Tribunal do J\u00fari de Campo Grande, Aluizio Pereira dos Santos, impronunciou o ex-prefeito de Alcin\u00f3polis, Manoel Nunes da Silva, da acusa\u00e7\u00e3o de ser o mandante do assassinato do vereador e presidente da C\u00e2mara Municipal Carlos Ant\u00f4nio Costa Carneiro, por insufici\u00eancia de provas. O crime aconteceu no dia 26 de [&hellip;]<\/p>\n","protected":false},"author":4,"featured_media":21401,"comment_status":"closed","ping_status":"closed","sticky":false,"template":"","format":"standard","meta":{"footnotes":""},"categories":[18],"tags":[],"class_list":["post-21399","post","type-post","status-publish","format-standard","has-post-thumbnail","hentry","category-alcinopolis"],"_links":{"self":[{"href":"https:\/\/www.ocorreionews.com.br\/acervo-correio\/index.php?rest_route=\/wp\/v2\/posts\/21399","targetHints":{"allow":["GET"]}}],"collection":[{"href":"https:\/\/www.ocorreionews.com.br\/acervo-correio\/index.php?rest_route=\/wp\/v2\/posts"}],"about":[{"href":"https:\/\/www.ocorreionews.com.br\/acervo-correio\/index.php?rest_route=\/wp\/v2\/types\/post"}],"author":[{"embeddable":true,"href":"https:\/\/www.ocorreionews.com.br\/acervo-correio\/index.php?rest_route=\/wp\/v2\/users\/4"}],"replies":[{"embeddable":true,"href":"https:\/\/www.ocorreionews.com.br\/acervo-correio\/index.php?rest_route=%2Fwp%2Fv2%2Fcomments&post=21399"}],"version-history":[{"count":0,"href":"https:\/\/www.ocorreionews.com.br\/acervo-correio\/index.php?rest_route=\/wp\/v2\/posts\/21399\/revisions"}],"wp:featuredmedia":[{"embeddable":true,"href":"https:\/\/www.ocorreionews.com.br\/acervo-correio\/index.php?rest_route=\/wp\/v2\/media\/21401"}],"wp:attachment":[{"href":"https:\/\/www.ocorreionews.com.br\/acervo-correio\/index.php?rest_route=%2Fwp%2Fv2%2Fmedia&parent=21399"}],"wp:term":[{"taxonomy":"category","embeddable":true,"href":"https:\/\/www.ocorreionews.com.br\/acervo-correio\/index.php?rest_route=%2Fwp%2Fv2%2Fcategories&post=21399"},{"taxonomy":"post_tag","embeddable":true,"href":"https:\/\/www.ocorreionews.com.br\/acervo-correio\/index.php?rest_route=%2Fwp%2Fv2%2Ftags&post=21399"}],"curies":[{"name":"wp","href":"https:\/\/api.w.org\/{rel}","templated":true}]}}