{"id":21409,"date":"2016-02-26T07:44:11","date_gmt":"2016-02-26T11:44:11","guid":{"rendered":"https:\/\/ocorreionews.com.br\/?p=21409"},"modified":"2016-02-26T07:44:11","modified_gmt":"2016-02-26T11:44:11","slug":"conta-de-energia-nao-tera-cobranca-extra-em-abril","status":"publish","type":"post","link":"https:\/\/www.ocorreionews.com.br\/acervo-correio\/?p=21409","title":{"rendered":"Conta de energia n\u00e3o ter\u00e1 cobran\u00e7a extra em abril"},"content":{"rendered":"<div>O ministro das Minas e Energia, Eduardo Braga, anunciou na noite desta quinta-feira (25) que n\u00e3o haver\u00e1 cobran\u00e7a extra na conta de luz em abril devido ao desligamento de usinas t\u00e9rmicas, que geram energia el\u00e9trica mais cara.<\/div>\n<div><\/div>\n<div>Em abril entrar\u00e1 em vigor a bandeira verde, que, pelo sistema de bandeiras tarif\u00e1rias (veja ilustra\u00e7\u00e3o abaixo) representa a aus\u00eancia de cobran\u00e7a extra na conta de luz.<\/div>\n<div><\/div>\n<div>\u00c9 a primeira vez que a bandeira verde ser\u00e1 implementada, desde janeiro de 2015, quando entrou em vigor o sistema de bandeiras tarif\u00e1rias.<\/div>\n<div><\/div>\n<div>O sistema aplica uma cobran\u00e7a extra nas contas de luz quando fica mais caro produzir energia no pa\u00eds.<\/div>\n<div>&#8220;Estamos garantindo que teremos bandeira verde em abril. Portanto, n\u00e3o teremos mais \u00f4nus de bandeira para o consumidor&#8221;, disse o ministro em entrevista.<\/div>\n<div><\/div>\n<div>Nesta quinta, o Comit\u00ea de Monitoramento do Setor El\u00e9trico decidiu, em reuni\u00e3o extraordin\u00e1ria, desligar mais 15 usinas t\u00e9rmicas, que correspondem a 3 mil megawatts. Em 3 de fevereiro, o comit\u00ea j\u00e1 havia autorizado o desligamento de outras sete usinas, com capacidade instalada de cerca de 2 mil megawatts.<\/div>\n<div>A iniciativa, segundo informou o ministro, foi poss\u00edvel ap\u00f3s avalia\u00e7\u00e3o de tr\u00eas fatores combinados: consumo de energia, n\u00edvel dos reservat\u00f3rios e entrada de energia nova no sistema.<\/div>\n<div><\/div>\n<div><strong>Mar\u00e7o<\/strong><\/div>\n<div>O ministro reafirmou que, a partir de mar\u00e7o, a cobran\u00e7a extra da bandeira tarif\u00e1ria cair\u00e1 dos atuais R$ 3, da bandeira vermelha, para R$ 1,50, da bandeira amarela. O an\u00fancio j\u00e1 havia sido feito no in\u00edcio de fevereiro.<\/div>\n<div>Em mar\u00e7o, ser\u00e1 a primeira vez desde a entrada em vigor do sistema, em janeiro de 2015, que a bandeira sair\u00e1 do vermelho &#8211; que indica que o custo da produ\u00e7\u00e3o da energia no pa\u00eds est\u00e1 muito alto &#8211; para amarelo, que indica melhora nessa situa\u00e7\u00e3o.<\/div>\n<div><\/div>\n<div><\/div>\n<div><\/div>\n<div>G1<\/div>\n","protected":false},"excerpt":{"rendered":"<p>O ministro das Minas e Energia, Eduardo Braga, anunciou na noite desta quinta-feira (25) que n\u00e3o haver\u00e1 cobran\u00e7a extra na conta de luz em abril devido ao desligamento de usinas t\u00e9rmicas, que geram energia el\u00e9trica mais cara. Em abril entrar\u00e1 em vigor a bandeira verde, que, pelo sistema de bandeiras tarif\u00e1rias (veja ilustra\u00e7\u00e3o abaixo) representa [&hellip;]<\/p>\n","protected":false},"author":4,"featured_media":7631,"comment_status":"closed","ping_status":"closed","sticky":false,"template":"","format":"standard","meta":{"footnotes":""},"categories":[26],"tags":[],"class_list":["post-21409","post","type-post","status-publish","format-standard","has-post-thumbnail","hentry","category-economia"],"_links":{"self":[{"href":"https:\/\/www.ocorreionews.com.br\/acervo-correio\/index.php?rest_route=\/wp\/v2\/posts\/21409","targetHints":{"allow":["GET"]}}],"collection":[{"href":"https:\/\/www.ocorreionews.com.br\/acervo-correio\/index.php?rest_route=\/wp\/v2\/posts"}],"about":[{"href":"https:\/\/www.ocorreionews.com.br\/acervo-correio\/index.php?rest_route=\/wp\/v2\/types\/post"}],"author":[{"embeddable":true,"href":"https:\/\/www.ocorreionews.com.br\/acervo-correio\/index.php?rest_route=\/wp\/v2\/users\/4"}],"replies":[{"embeddable":true,"href":"https:\/\/www.ocorreionews.com.br\/acervo-correio\/index.php?rest_route=%2Fwp%2Fv2%2Fcomments&post=21409"}],"version-history":[{"count":0,"href":"https:\/\/www.ocorreionews.com.br\/acervo-correio\/index.php?rest_route=\/wp\/v2\/posts\/21409\/revisions"}],"wp:featuredmedia":[{"embeddable":true,"href":"https:\/\/www.ocorreionews.com.br\/acervo-correio\/index.php?rest_route=\/wp\/v2\/media\/7631"}],"wp:attachment":[{"href":"https:\/\/www.ocorreionews.com.br\/acervo-correio\/index.php?rest_route=%2Fwp%2Fv2%2Fmedia&parent=21409"}],"wp:term":[{"taxonomy":"category","embeddable":true,"href":"https:\/\/www.ocorreionews.com.br\/acervo-correio\/index.php?rest_route=%2Fwp%2Fv2%2Fcategories&post=21409"},{"taxonomy":"post_tag","embeddable":true,"href":"https:\/\/www.ocorreionews.com.br\/acervo-correio\/index.php?rest_route=%2Fwp%2Fv2%2Ftags&post=21409"}],"curies":[{"name":"wp","href":"https:\/\/api.w.org\/{rel}","templated":true}]}}