{"id":21413,"date":"2016-02-26T07:53:12","date_gmt":"2016-02-26T11:53:12","guid":{"rendered":"https:\/\/ocorreionews.com.br\/?p=21413"},"modified":"2016-02-26T10:06:47","modified_gmt":"2016-02-26T14:06:47","slug":"lancamento-do-livro-da-secretaria-municipal-de-educacao-e-prestigiado-por-autoridades-em-costa-rica","status":"publish","type":"post","link":"https:\/\/www.ocorreionews.com.br\/acervo-correio\/?p=21413","title":{"rendered":"Lan\u00e7amento do livro da secret\u00e1ria Municipal de Educa\u00e7\u00e3o \u00e9 prestigiado por autoridades em Costa Rica"},"content":{"rendered":"<div class=\"marginBottom30px link-Internas\">\n<p>Na noite de segunda-feira (22), a secret\u00e1ria de Educa\u00e7\u00e3o, professora Mestre Manuelina Martins da Silva Arantes Cabral lan\u00e7ou seu livro \u201cA participa\u00e7\u00e3o dos Conselhos de Acompanhamento e Controle Social do FUNDEB na Gest\u00e3o dos Recursos em Munic\u00edpios de Mato Grosso do Sul\u201d, no audit\u00f3rio da Secretaria Municipal de Educa\u00e7\u00e3o.<\/p>\n<p>A solenidade foi realizada no audit\u00f3rio da SEMED \u2013 Secretaria Municipal de Educa\u00e7\u00e3o \u2013 e foi prestigiada pelo prefeito de Costa Rica, Waldeli dos Santos Rosa, o vice-prefeito e secret\u00e1rio de Governo Roberto Rodrigues, a secret\u00e1ria de Sa\u00fade Adriana Tobal, o vereador Ivanildo Ferrari, o Deputado Estadual J\u00fanior Mochi, o Assessor Legislativo Louren\u00e7o Filisbino de Paula, o coordenador do PNAIC &#8211; Plano Nacional pela Alfabetiza\u00e7\u00e3o na Idade Certa &#8211; \u00c9verton Paulino Damasceno, entre outros.<\/p>\n<p>A obra de 186 p\u00e1ginas surgiu em decorr\u00eancia da decis\u00e3o de investigar os Conselhos do FUNDEB e sua import\u00e2ncia para a Educa\u00e7\u00e3o Municipal. A autora destacou que o lan\u00e7amento do livro foi um momento muito marcante para ela. <em>\u201cEssa obra \u00e9 decorrente do resultado de um longo per\u00edodo de esfor\u00e7o e dedica\u00e7\u00e3o. Minha trajet\u00f3ria e a fun\u00e7\u00e3o como secret\u00e1ria de Educa\u00e7\u00e3o de Costa Rica, presidente da UNDIME de Mato Grosso do Sul e vice-presidente da UNDIME Nacional, me instigaram na escrita do mesmo\u201d<\/em>, enfatiza a professora Me. Manuelina Martins que ao final da solenidade esteve autografando seus exemplares vendidos.<\/p>\n<div id='gallery-1' class='gallery galleryid-21413 gallery-columns-3 gallery-size-thumbnail'><figure class='gallery-item'>\n\t\t\t<div class='gallery-icon landscape'>\n\t\t\t\t<a href='https:\/\/www.ocorreionews.com.br\/acervo-correio\/wp-content\/uploads\/2016\/02\/lan\u00e7amento-livro-emanuelina-2.jpg'><img loading=\"lazy\" decoding=\"async\" width=\"150\" height=\"150\" src=\"https:\/\/www.ocorreionews.com.br\/acervo-correio\/wp-content\/uploads\/2016\/02\/lan\u00e7amento-livro-emanuelina-2-150x150.jpg\" class=\"attachment-thumbnail size-thumbnail\" alt=\"\" \/><\/a>\n\t\t\t<\/div><\/figure><figure class='gallery-item'>\n\t\t\t<div class='gallery-icon landscape'>\n\t\t\t\t<a href='https:\/\/www.ocorreionews.com.br\/acervo-correio\/wp-content\/uploads\/2016\/02\/lan\u00e7amento-livro-emanuelina-3.jpg'><img loading=\"lazy\" decoding=\"async\" width=\"150\" height=\"150\" src=\"https:\/\/www.ocorreionews.com.br\/acervo-correio\/wp-content\/uploads\/2016\/02\/lan\u00e7amento-livro-emanuelina-3-150x150.jpg\" class=\"attachment-thumbnail size-thumbnail\" alt=\"\" \/><\/a>\n\t\t\t<\/div><\/figure><figure class='gallery-item'>\n\t\t\t<div class='gallery-icon landscape'>\n\t\t\t\t<a href='https:\/\/www.ocorreionews.com.br\/acervo-correio\/wp-content\/uploads\/2016\/02\/lan\u00e7amento-livro-emanuelina-4.jpg'><img loading=\"lazy\" decoding=\"async\" width=\"150\" height=\"150\" src=\"https:\/\/www.ocorreionews.com.br\/acervo-correio\/wp-content\/uploads\/2016\/02\/lan\u00e7amento-livro-emanuelina-4-150x150.jpg\" class=\"attachment-thumbnail size-thumbnail\" alt=\"\" \/><\/a>\n\t\t\t<\/div><\/figure><figure class='gallery-item'>\n\t\t\t<div class='gallery-icon portrait'>\n\t\t\t\t<a href='https:\/\/www.ocorreionews.com.br\/acervo-correio\/wp-content\/uploads\/2016\/02\/lan\u00e7amento-livro-emanuelina-5.jpg'><img loading=\"lazy\" decoding=\"async\" width=\"150\" height=\"150\" src=\"https:\/\/www.ocorreionews.com.br\/acervo-correio\/wp-content\/uploads\/2016\/02\/lan\u00e7amento-livro-emanuelina-5-150x150.jpg\" class=\"attachment-thumbnail size-thumbnail\" alt=\"\" \/><\/a>\n\t\t\t<\/div><\/figure><figure class='gallery-item'>\n\t\t\t<div class='gallery-icon landscape'>\n\t\t\t\t<a href='https:\/\/www.ocorreionews.com.br\/acervo-correio\/wp-content\/uploads\/2016\/02\/lan\u00e7amento-livro-emanuelina-6.jpg'><img loading=\"lazy\" decoding=\"async\" width=\"150\" height=\"150\" src=\"https:\/\/www.ocorreionews.com.br\/acervo-correio\/wp-content\/uploads\/2016\/02\/lan\u00e7amento-livro-emanuelina-6-150x150.jpg\" class=\"attachment-thumbnail size-thumbnail\" alt=\"\" \/><\/a>\n\t\t\t<\/div><\/figure><figure class='gallery-item'>\n\t\t\t<div class='gallery-icon landscape'>\n\t\t\t\t<a href='https:\/\/www.ocorreionews.com.br\/acervo-correio\/wp-content\/uploads\/2016\/02\/lan\u00e7amento-livro-emanuelina.jpg'><img loading=\"lazy\" decoding=\"async\" width=\"150\" height=\"150\" src=\"https:\/\/www.ocorreionews.com.br\/acervo-correio\/wp-content\/uploads\/2016\/02\/lan\u00e7amento-livro-emanuelina-150x150.jpg\" class=\"attachment-thumbnail size-thumbnail\" alt=\"\" \/><\/a>\n\t\t\t<\/div><\/figure>\n\t\t<\/div>\n\n<\/div>\n<div class=\"marginBottom30px link-Internas\">ASSECOM\/PMCR<\/div>\n","protected":false},"excerpt":{"rendered":"<p>Na noite de segunda-feira (22), a secret\u00e1ria de Educa\u00e7\u00e3o, professora Mestre Manuelina Martins da Silva Arantes Cabral lan\u00e7ou seu livro \u201cA participa\u00e7\u00e3o dos Conselhos de Acompanhamento e Controle Social do FUNDEB na Gest\u00e3o dos Recursos em Munic\u00edpios de Mato Grosso do Sul\u201d, no audit\u00f3rio da Secretaria Municipal de Educa\u00e7\u00e3o. A solenidade foi realizada no audit\u00f3rio [&hellip;]<\/p>\n","protected":false},"author":4,"featured_media":21414,"comment_status":"closed","ping_status":"closed","sticky":false,"template":"","format":"standard","meta":{"footnotes":""},"categories":[25],"tags":[],"class_list":["post-21413","post","type-post","status-publish","format-standard","has-post-thumbnail","hentry","category-costa-rica"],"_links":{"self":[{"href":"https:\/\/www.ocorreionews.com.br\/acervo-correio\/index.php?rest_route=\/wp\/v2\/posts\/21413","targetHints":{"allow":["GET"]}}],"collection":[{"href":"https:\/\/www.ocorreionews.com.br\/acervo-correio\/index.php?rest_route=\/wp\/v2\/posts"}],"about":[{"href":"https:\/\/www.ocorreionews.com.br\/acervo-correio\/index.php?rest_route=\/wp\/v2\/types\/post"}],"author":[{"embeddable":true,"href":"https:\/\/www.ocorreionews.com.br\/acervo-correio\/index.php?rest_route=\/wp\/v2\/users\/4"}],"replies":[{"embeddable":true,"href":"https:\/\/www.ocorreionews.com.br\/acervo-correio\/index.php?rest_route=%2Fwp%2Fv2%2Fcomments&post=21413"}],"version-history":[{"count":0,"href":"https:\/\/www.ocorreionews.com.br\/acervo-correio\/index.php?rest_route=\/wp\/v2\/posts\/21413\/revisions"}],"wp:featuredmedia":[{"embeddable":true,"href":"https:\/\/www.ocorreionews.com.br\/acervo-correio\/index.php?rest_route=\/wp\/v2\/media\/21414"}],"wp:attachment":[{"href":"https:\/\/www.ocorreionews.com.br\/acervo-correio\/index.php?rest_route=%2Fwp%2Fv2%2Fmedia&parent=21413"}],"wp:term":[{"taxonomy":"category","embeddable":true,"href":"https:\/\/www.ocorreionews.com.br\/acervo-correio\/index.php?rest_route=%2Fwp%2Fv2%2Fcategories&post=21413"},{"taxonomy":"post_tag","embeddable":true,"href":"https:\/\/www.ocorreionews.com.br\/acervo-correio\/index.php?rest_route=%2Fwp%2Fv2%2Ftags&post=21413"}],"curies":[{"name":"wp","href":"https:\/\/api.w.org\/{rel}","templated":true}]}}