{"id":21451,"date":"2016-02-26T10:15:20","date_gmt":"2016-02-26T14:15:20","guid":{"rendered":"https:\/\/ocorreionews.com.br\/?p=21451"},"modified":"2016-02-26T10:15:20","modified_gmt":"2016-02-26T14:15:20","slug":"reiniciou-as-aulas-do-projeto-arte-em-movimento","status":"publish","type":"post","link":"https:\/\/www.ocorreionews.com.br\/acervo-correio\/?p=21451","title":{"rendered":"Reiniciou as aulas do projeto \u201cArte em Movimento\u201d"},"content":{"rendered":"<p>Juntamente com o ano escolar, reiniciou as aulas do projeto \u201cArte em Movimento\u201d, da Secretaria de Cultura em parceria com as escolas e cemeis, desenvolvido pela professora Daniela, e agora contando com a colabora\u00e7\u00e3o do professor Rob\u00e9rio.<\/p>\n<p>O Projeto \u201cArte em movimento\u201d est\u00e1 acontecendo dentro das institui\u00e7\u00f5es de ensino desde o ano passado, com intuito de aproximar a cultura da dan\u00e7a nas escolas, al\u00e9m de ser uma atividade f\u00edsica, que promove o bem estar, a coordena\u00e7\u00e3o motora, a postura e principalmente, a socializa\u00e7\u00e3o entre os alunos.<\/p>\n<p>No ano de 2015 foram aproximadamente 300 alunos atendidos com aulas de dan\u00e7a, distribu\u00eddos em v\u00e1rias modalidades. A expectativa para esse ano \u00e9 que esse n\u00famero aumente, uma vez que tamb\u00e9m, aumentaram os alunos nas escolas e cemeis.<\/p>\n<p>O projeto \u00e9 realizado nos per\u00edodos de contra-turno para alunos das escolas que moram na cidade e nos hor\u00e1rios das \u201cescolhinhas\u201d para os alunos que residem em fazendas. Nos cemeis, as crian\u00e7as s\u00e3o atendidas nos hor\u00e1rios de aula.<\/p>\n<p>Para esse ano, as modalidades de dan\u00e7a s\u00e3o o Ballet, Jazz e Dan\u00e7a Mix, que compreende v\u00e1rios ritmos musicais e ainda, s\u00e3o trabalhadas dan\u00e7as espec\u00edficas de acordo com datas comemorativas e festividades.<\/p>\n<p>A secretaria de Cultura, juntamente com a professora Daniela e Rob\u00e9rio, convida todos os alunos a participarem!<\/p>\n<p><a href=\"https:\/\/ocorreionews.com.br\/wp-content\/uploads\/2016\/02\/aulas-do-projeto-Arte-em-Movimento4.jpg\" rel=\"attachment wp-att-21455\"><img loading=\"lazy\" decoding=\"async\" class=\"alignnone wp-image-21455 size-full\" src=\"https:\/\/ocorreionews.com.br\/wp-content\/uploads\/2016\/02\/aulas-do-projeto-Arte-em-Movimento4.jpg\" alt=\"aulas do projeto Arte em Movimento4\" width=\"685\" height=\"513\" srcset=\"https:\/\/www.ocorreionews.com.br\/acervo-correio\/wp-content\/uploads\/2016\/02\/aulas-do-projeto-Arte-em-Movimento4.jpg 685w, https:\/\/www.ocorreionews.com.br\/acervo-correio\/wp-content\/uploads\/2016\/02\/aulas-do-projeto-Arte-em-Movimento4-300x225.jpg 300w, https:\/\/www.ocorreionews.com.br\/acervo-correio\/wp-content\/uploads\/2016\/02\/aulas-do-projeto-Arte-em-Movimento4-100x75.jpg 100w\" sizes=\"auto, (max-width: 685px) 100vw, 685px\" \/><\/a> <a href=\"https:\/\/ocorreionews.com.br\/wp-content\/uploads\/2016\/02\/aulas-do-projeto-Arte-em-Movimento3.jpg\" rel=\"attachment wp-att-21454\"><img loading=\"lazy\" decoding=\"async\" class=\"alignnone wp-image-21454 size-full\" src=\"https:\/\/ocorreionews.com.br\/wp-content\/uploads\/2016\/02\/aulas-do-projeto-Arte-em-Movimento3.jpg\" alt=\"aulas do projeto Arte em Movimento3\" width=\"685\" height=\"384\" srcset=\"https:\/\/www.ocorreionews.com.br\/acervo-correio\/wp-content\/uploads\/2016\/02\/aulas-do-projeto-Arte-em-Movimento3.jpg 685w, https:\/\/www.ocorreionews.com.br\/acervo-correio\/wp-content\/uploads\/2016\/02\/aulas-do-projeto-Arte-em-Movimento3-300x168.jpg 300w\" sizes=\"auto, (max-width: 685px) 100vw, 685px\" \/><\/a> <a href=\"https:\/\/ocorreionews.com.br\/wp-content\/uploads\/2016\/02\/aulas-do-projeto-Arte-em-Movimento2.jpg\" rel=\"attachment wp-att-21453\"><img loading=\"lazy\" decoding=\"async\" class=\"alignnone wp-image-21453 size-full\" src=\"https:\/\/ocorreionews.com.br\/wp-content\/uploads\/2016\/02\/aulas-do-projeto-Arte-em-Movimento2.jpg\" alt=\"aulas do projeto Arte em Movimento2\" width=\"685\" height=\"385\" srcset=\"https:\/\/www.ocorreionews.com.br\/acervo-correio\/wp-content\/uploads\/2016\/02\/aulas-do-projeto-Arte-em-Movimento2.jpg 685w, https:\/\/www.ocorreionews.com.br\/acervo-correio\/wp-content\/uploads\/2016\/02\/aulas-do-projeto-Arte-em-Movimento2-300x169.jpg 300w\" sizes=\"auto, (max-width: 685px) 100vw, 685px\" \/><\/a><\/p>\n<p>&nbsp;<\/p>\n<p>&nbsp;<\/p>\n<p>&nbsp;<\/p>\n<p>Fonte: Secretaria Municipal de Cultura, professora Daniela.<\/p>\n","protected":false},"excerpt":{"rendered":"<p>Juntamente com o ano escolar, reiniciou as aulas do projeto \u201cArte em Movimento\u201d, da Secretaria de Cultura em parceria com as escolas e cemeis, desenvolvido pela professora Daniela, e agora contando com a colabora\u00e7\u00e3o do professor Rob\u00e9rio. O Projeto \u201cArte em movimento\u201d est\u00e1 acontecendo dentro das institui\u00e7\u00f5es de ensino desde o ano passado, com intuito [&hellip;]<\/p>\n","protected":false},"author":4,"featured_media":21452,"comment_status":"closed","ping_status":"closed","sticky":false,"template":"","format":"standard","meta":{"footnotes":""},"categories":[22],"tags":[],"class_list":["post-21451","post","type-post","status-publish","format-standard","has-post-thumbnail","hentry","category-chapadao-do-ceu"],"_links":{"self":[{"href":"https:\/\/www.ocorreionews.com.br\/acervo-correio\/index.php?rest_route=\/wp\/v2\/posts\/21451","targetHints":{"allow":["GET"]}}],"collection":[{"href":"https:\/\/www.ocorreionews.com.br\/acervo-correio\/index.php?rest_route=\/wp\/v2\/posts"}],"about":[{"href":"https:\/\/www.ocorreionews.com.br\/acervo-correio\/index.php?rest_route=\/wp\/v2\/types\/post"}],"author":[{"embeddable":true,"href":"https:\/\/www.ocorreionews.com.br\/acervo-correio\/index.php?rest_route=\/wp\/v2\/users\/4"}],"replies":[{"embeddable":true,"href":"https:\/\/www.ocorreionews.com.br\/acervo-correio\/index.php?rest_route=%2Fwp%2Fv2%2Fcomments&post=21451"}],"version-history":[{"count":0,"href":"https:\/\/www.ocorreionews.com.br\/acervo-correio\/index.php?rest_route=\/wp\/v2\/posts\/21451\/revisions"}],"wp:featuredmedia":[{"embeddable":true,"href":"https:\/\/www.ocorreionews.com.br\/acervo-correio\/index.php?rest_route=\/wp\/v2\/media\/21452"}],"wp:attachment":[{"href":"https:\/\/www.ocorreionews.com.br\/acervo-correio\/index.php?rest_route=%2Fwp%2Fv2%2Fmedia&parent=21451"}],"wp:term":[{"taxonomy":"category","embeddable":true,"href":"https:\/\/www.ocorreionews.com.br\/acervo-correio\/index.php?rest_route=%2Fwp%2Fv2%2Fcategories&post=21451"},{"taxonomy":"post_tag","embeddable":true,"href":"https:\/\/www.ocorreionews.com.br\/acervo-correio\/index.php?rest_route=%2Fwp%2Fv2%2Ftags&post=21451"}],"curies":[{"name":"wp","href":"https:\/\/api.w.org\/{rel}","templated":true}]}}