{"id":21685,"date":"2016-02-29T14:12:04","date_gmt":"2016-02-29T18:12:04","guid":{"rendered":"https:\/\/ocorreionews.com.br\/?p=21685"},"modified":"2016-02-29T14:12:04","modified_gmt":"2016-02-29T18:12:04","slug":"coronel-judice-assume-o-comando-geral-da-policia-militar-de-mato-grosso-do-sul","status":"publish","type":"post","link":"https:\/\/www.ocorreionews.com.br\/acervo-correio\/?p=21685","title":{"rendered":"Coronel J\u00fadice assume o Comando-Geral da Pol\u00edcia Militar de Mato Grosso do Sul"},"content":{"rendered":"<p>Em solenidade presidida pelo governador Reinaldo Azambuja e com a presen\u00e7a do secret\u00e1rio de Estado de Justi\u00e7a e Seguran\u00e7a P\u00fablica, Silvio Maluf, o coronel Jorge Edgard J\u00fadice Teixeira assumiu o Comando-Geral da Pol\u00edcia Militar de Mato Grosso do Sul na manh\u00e3 desta segunda-feira (29). Formado em direito, dentre as diversas fun\u00e7\u00f5es ocupadas na institui\u00e7\u00e3o pelo oficial est\u00e1 a de comandante da extinta e respeitada Tropa Ostensiva de Repress\u00e3o Armada (TORA).<\/p>\n<p>J\u00fadice assume o comando em substitui\u00e7\u00e3o ao coronel Deusdete Souza de Oliveira Filho, que foi para a reseva remunerada da Pol\u00edcia Militar ap\u00f3s um ano \u00e0 frente do Comando-Geral. Entre os desafios do novo comandante est\u00e3o a redu\u00e7\u00e3o dos \u00edndices criminais e valoriza\u00e7\u00e3o da tropa, um trabalho que \u00e9 prioridade do Governo do Estado e que j\u00e1 vinha sendo feito. \u201cDaremos continuidade a diversas pol\u00edticas de melhoria institucional e valoriza\u00e7\u00e3o da nossa tropa e trabalhar com uma presen\u00e7a mais ostensiva e o mapeamento necess\u00e1rio para a realiza\u00e7\u00e3o de a\u00e7\u00f5es com foco na redu\u00e7\u00e3o dos \u00edndices criminais\u201d, pontuou o novo comandante-geral.<\/p>\n<p><a href=\"http:\/\/www.pm.ms.gov.br\/wp-content\/uploads\/sites\/36\/2016\/02\/IMG_4162.jpg\" rel=\"attachment wp-att-16387\"><img loading=\"lazy\" decoding=\"async\" class=\"alignleft size-large wp-image-16387\" src=\"http:\/\/www.pm.ms.gov.br\/wp-content\/uploads\/sites\/36\/2016\/02\/IMG_4162-1024x683.jpg\" sizes=\"auto, (max-width: 474px) 100vw, 474px\" srcset=\"http:\/\/www.pm.ms.gov.br\/wp-content\/uploads\/sites\/36\/2016\/02\/IMG_4162-300x200.jpg 300w, http:\/\/www.pm.ms.gov.br\/wp-content\/uploads\/sites\/36\/2016\/02\/IMG_4162-768x512.jpg 768w, http:\/\/www.pm.ms.gov.br\/wp-content\/uploads\/sites\/36\/2016\/02\/IMG_4162.jpg 1024w\" alt=\"IMG_4162\" width=\"474\" height=\"316\" \/><\/a><\/p>\n<p>Durante a solenidade de troca de comando, o governador destacou que o objetivo \u00e9 fortalecer as estruturas e valorizar o efetivo visando uma proximidade maior da pol\u00edcia com a popula\u00e7\u00e3o nos 79 munic\u00edpios de Mato Grosso do Sul. \u201c\u00c9 uma troca, mas que dar\u00e1 continuidade ao mesmo esp\u00edrito de trabalho de reestrutura\u00e7\u00e3o para fortalecer a Pol\u00edcia Militar aqui no Mato Grosso do Sul, com aumento do efetivo e melhoria das nossas estruturas, forma\u00e7\u00e3o dos quadros, treinamento, intelig\u00eancia e monitoramento\u201d, frisou Reinaldo Azambuja.<\/p>\n<p>Ao passar o Comando-Geral para o substituto, o coronel Oliveira afirmou que todas as metas estipuladas no in\u00edcio do Governo foram cumpridas pela Pol\u00edcia Militar que teve um incremento de 937 novos soldados, ascens\u00e3o profissional de 1.084 pra\u00e7as, 56 oficiais, recebimento de 12 novas viaturas locadas e 3.200 armas. A\u00e7\u00f5es que segundo ele foram essenciais para a realiza\u00e7\u00e3o de opera\u00e7\u00f5es que resultaram na abordagem de mais de 400 mil pessoas no \u00faltimo ano, com a condu\u00e7\u00e3o de mais de 22 mil delas \u00e0s Delegacias da Pol\u00edcia Civil.<\/p>\n<p><a href=\"http:\/\/www.pm.ms.gov.br\/wp-content\/uploads\/sites\/36\/2016\/02\/IMG_4039.jpg\" rel=\"attachment wp-att-16354\"><img loading=\"lazy\" decoding=\"async\" class=\"alignleft size-large wp-image-16354\" src=\"http:\/\/www.pm.ms.gov.br\/wp-content\/uploads\/sites\/36\/2016\/02\/IMG_4039-1024x629.jpg\" sizes=\"auto, (max-width: 474px) 100vw, 474px\" srcset=\"http:\/\/www.pm.ms.gov.br\/wp-content\/uploads\/sites\/36\/2016\/02\/IMG_4039-300x184.jpg 300w, http:\/\/www.pm.ms.gov.br\/wp-content\/uploads\/sites\/36\/2016\/02\/IMG_4039-768x472.jpg 768w, http:\/\/www.pm.ms.gov.br\/wp-content\/uploads\/sites\/36\/2016\/02\/IMG_4039.jpg 1024w\" alt=\"IMG_4039\" width=\"474\" height=\"291\" \/><\/a><\/p>\n<p>\u201cN\u00f3s tamb\u00e9m apreendemos\u00a0 mais de 2.500 ve\u00edculos, 4.100 armas de fogo e recapturamos mais de 4 mil foragidos da Justi\u00e7a, o que permite que tenhamos uma sensa\u00e7\u00e3o de dever cumprido, a mudan\u00e7a \u00e9 daquele que est\u00e1 na cadeira, mas os mandamentos e as provid\u00eancias que estavam anteriormente em vigor elas continuam, visando o crescimento da institui\u00e7\u00e3o, valoriza\u00e7\u00e3o dos policiais militares e melhoria da seguran\u00e7a p\u00fablica em todo o Estado\u201d, disse o ex-comandante.<\/p>\n<p>O secret\u00e1rio Silvio Maluf frisou que a Pol\u00edcia Militar continuar\u00e1 firme frente aos desafios, com trabalhos ostensivos, a\u00e7\u00f5es e opera\u00e7\u00f5es focadas na redu\u00e7\u00e3o de todos os crimes, especialmente aqueles cometidos contra a vida e contra o patrim\u00f4nio. \u201cN\u00f3s j\u00e1 v\u00ednhamos fazendo esse trabalho e conseguimos quedas significativas nos \u00edndices criminais ao longo do ano passado e com o trabalho dos nossos valorosos homens e mulheres, guerreiros que se superam a cada dia para prestar um melhor servi\u00e7o de seguran\u00e7a \u00e0 sociedade, a expectativa \u00e9 alcan\u00e7ar um resultado ainda melhor este ano\u201d, disse o secret\u00e1rio de Seguran\u00e7a.<\/p>\n<p><a href=\"http:\/\/www.pm.ms.gov.br\/wp-content\/uploads\/sites\/36\/2016\/02\/IMG_4121.jpg\" rel=\"attachment wp-att-16371\"><img loading=\"lazy\" decoding=\"async\" class=\"alignleft size-large wp-image-16371\" src=\"http:\/\/www.pm.ms.gov.br\/wp-content\/uploads\/sites\/36\/2016\/02\/IMG_4121-1024x683.jpg\" sizes=\"auto, (max-width: 474px) 100vw, 474px\" srcset=\"http:\/\/www.pm.ms.gov.br\/wp-content\/uploads\/sites\/36\/2016\/02\/IMG_4121-300x200.jpg 300w, http:\/\/www.pm.ms.gov.br\/wp-content\/uploads\/sites\/36\/2016\/02\/IMG_4121-768x512.jpg 768w, http:\/\/www.pm.ms.gov.br\/wp-content\/uploads\/sites\/36\/2016\/02\/IMG_4121.jpg 1024w\" alt=\"IMG_4121\" width=\"474\" height=\"316\" \/><\/a><\/p>\n<p>O Subcomando-Geral da Pol\u00edcia Militar foi ocupado pelo coronel Francisco Assis Ovelar, que acumula tamb\u00e9m o cargo de comandante do Comando de Policiamento Metropolitano.<\/p>\n<p><strong>Sobre o novo comandante<\/strong><\/p>\n<p>O coronel Jorge Edgard J\u00fadice Teixeira \u00e9 natural do Estado do Rio de Janeiro, formado na academia de Pol\u00edcia Militar do Estado de Minas Gerais em 1990, formado em direito pela Universidade Cat\u00f3lica Dom Bosco (UCDB) e p\u00f3s-graduado em Direito do Estado e das Rela\u00e7\u00f5es Sociais tamb\u00e9m pela UCDB.<\/p>\n<p>No \u00faltimo ano J\u00fadice integrou a c\u00fapula da Pol\u00edcia Militar como bra\u00e7o direito do coronel Oliveira, ocupando o cargo de subcomandante. Dentre as diversas fun\u00e7\u00f5es exercidas na institui\u00e7\u00e3o est\u00e3o a de comandante da extinta e respeitada TORA, comandante do 7\u00ba e 9\u00ba Batalh\u00e3o da Pol\u00edcia Militar, ajudante-geral da Pol\u00edcia Militar e diretor de Planejamento Estrat\u00e9gico da Corpora\u00e7\u00e3o.<\/p>\n<p>O oficial j\u00e1 foi condecorado com a medalha Tiradentes, medalha de Ouro por 30 anos de servi\u00e7o, medalha do M\u00e9rito Policial Militar, medalha Imperador Dom Pedro I, do Corpo de Bombeiros, medalha Pr\u00eamio, da Pol\u00edcia Civil e medalha das Na\u00e7\u00f5es Unidas, pela participa\u00e7\u00e3o na intermedia\u00e7\u00e3o no conflito em Angola, de julho de 1995 a agosto de 1996.<\/p>\n<p>Joelma\u00a0Belchior\/Sejusp<\/p>\n<p>Fotos: Thiago Barreto<\/p>\n","protected":false},"excerpt":{"rendered":"<p>Em solenidade presidida pelo governador Reinaldo Azambuja e com a presen\u00e7a do secret\u00e1rio de Estado de Justi\u00e7a e Seguran\u00e7a P\u00fablica, Silvio Maluf, o coronel Jorge Edgard J\u00fadice Teixeira assumiu o Comando-Geral da Pol\u00edcia Militar de Mato Grosso do Sul na manh\u00e3 desta segunda-feira (29). Formado em direito, dentre as diversas fun\u00e7\u00f5es ocupadas na institui\u00e7\u00e3o pelo [&hellip;]<\/p>\n","protected":false},"author":4,"featured_media":21686,"comment_status":"closed","ping_status":"closed","sticky":false,"template":"","format":"standard","meta":{"footnotes":""},"categories":[38,37],"tags":[],"class_list":["post-21685","post","type-post","status-publish","format-standard","has-post-thumbnail","hentry","category-policia","category-politica"],"_links":{"self":[{"href":"https:\/\/www.ocorreionews.com.br\/acervo-correio\/index.php?rest_route=\/wp\/v2\/posts\/21685","targetHints":{"allow":["GET"]}}],"collection":[{"href":"https:\/\/www.ocorreionews.com.br\/acervo-correio\/index.php?rest_route=\/wp\/v2\/posts"}],"about":[{"href":"https:\/\/www.ocorreionews.com.br\/acervo-correio\/index.php?rest_route=\/wp\/v2\/types\/post"}],"author":[{"embeddable":true,"href":"https:\/\/www.ocorreionews.com.br\/acervo-correio\/index.php?rest_route=\/wp\/v2\/users\/4"}],"replies":[{"embeddable":true,"href":"https:\/\/www.ocorreionews.com.br\/acervo-correio\/index.php?rest_route=%2Fwp%2Fv2%2Fcomments&post=21685"}],"version-history":[{"count":0,"href":"https:\/\/www.ocorreionews.com.br\/acervo-correio\/index.php?rest_route=\/wp\/v2\/posts\/21685\/revisions"}],"wp:featuredmedia":[{"embeddable":true,"href":"https:\/\/www.ocorreionews.com.br\/acervo-correio\/index.php?rest_route=\/wp\/v2\/media\/21686"}],"wp:attachment":[{"href":"https:\/\/www.ocorreionews.com.br\/acervo-correio\/index.php?rest_route=%2Fwp%2Fv2%2Fmedia&parent=21685"}],"wp:term":[{"taxonomy":"category","embeddable":true,"href":"https:\/\/www.ocorreionews.com.br\/acervo-correio\/index.php?rest_route=%2Fwp%2Fv2%2Fcategories&post=21685"},{"taxonomy":"post_tag","embeddable":true,"href":"https:\/\/www.ocorreionews.com.br\/acervo-correio\/index.php?rest_route=%2Fwp%2Fv2%2Ftags&post=21685"}],"curies":[{"name":"wp","href":"https:\/\/api.w.org\/{rel}","templated":true}]}}