{"id":217339,"date":"2022-09-09T09:11:30","date_gmt":"2022-09-09T13:11:30","guid":{"rendered":"https:\/\/www.ocorreionews.com.br\/acervo-correio\/?p=217339"},"modified":"2022-09-09T09:11:30","modified_gmt":"2022-09-09T13:11:30","slug":"ms-registra-o-1o-caso-de-cachorra-morta-apos-ingestao-de-petisco-da-marca-bassar","status":"publish","type":"post","link":"https:\/\/www.ocorreionews.com.br\/acervo-correio\/?p=217339","title":{"rendered":"MS registra o 1\u00ba caso de cachorra morta ap\u00f3s ingest\u00e3o de petisco da marca Bassar"},"content":{"rendered":"<div class=\"mc-column content-text active-extra-styles \" data-block-type=\"unstyled\" data-block-weight=\"37\" data-block-id=\"3\">\n<p class=\"content-text__container \" data-track-category=\"Link no Texto\" data-track-links=\"\">Uma tutora, que prefere n\u00e3o ser identificada, procurou a Delegacia Especializada de Repress\u00e3o aos Crimes Ambientais e de Atendimento ao Turista (Decat) ap\u00f3s a cachorra de estima\u00e7\u00e3o dela morrer depois de ingerir o petisco \u201cDental Care\u201d.<\/p>\n<p data-track-category=\"Link no Texto\" data-track-links=\"\">\n<\/div>\n<div class=\"wall protected-content\">\n<div class=\"mc-column content-text active-extra-styles \" data-block-type=\"unstyled\" data-block-weight=\"30\" data-block-id=\"4\">\n<p class=\"content-text__container \" data-track-category=\"Link no Texto\" data-track-links=\"\"><span class=\"highlight highlighted\">A cadela morreu no in\u00edcio de agosto, em Campo Grande, por\u00e9m a tutora s\u00f3 decidiu procurar a pol\u00edcia nessa ter\u00e7a-feira (6), ap\u00f3s tomar conhecimento de outros casos semelhantes no Brasil.<\/span><\/p>\n<p data-track-category=\"Link no Texto\" data-track-links=\"\">\n<\/div>\n<div class=\"mc-column content-text active-extra-styles \" data-block-type=\"unstyled\" data-block-weight=\"51\" data-block-id=\"5\">\n<p class=\"content-text__container \" data-track-category=\"Link no Texto\" data-track-links=\"\">A cachorra chamava Chloe, era da ra\u00e7a spitz alem\u00e3o e tinha cinco anos. Segundo depoimento da tutora, antes da ingest\u00e3o do petisco a cadela estava em excelente estado de sa\u00fade. No dia 29 de julho, ela deu o petisco \u201cDental Care\u201d ao animal. Horas depois a cadela ficou abatida e inerte.<\/p>\n<\/div>\n<div class=\"content-ads content-ads--reveal\" data-block-type=\"ads\" data-block-id=\"6\">\n<div><\/div>\n<\/div>\n<div class=\"mc-column content-text active-extra-styles \" data-block-type=\"unstyled\" data-block-weight=\"49\" data-block-id=\"7\">\n<p class=\"content-text__container \" data-track-category=\"Link no Texto\" data-track-links=\"\">No dia seguinte, Chloe vomitou v\u00e1rias vezes, mas permaneceu est\u00e1vel apesar disso. Contudo, em 31 de julho, a cachorra piorou e no dia seguinte a tutora a levou at\u00e9 uma cl\u00ednica veterin\u00e1ria. Ap\u00f3s ser avaliada, a cadela foi encaminhada para uma outra cl\u00ednica, esta especializada em tratamento intensivo.<\/p>\n<p data-track-category=\"Link no Texto\" data-track-links=\"\">\n<\/div>\n<div class=\"mc-column content-text active-extra-styles \" data-block-type=\"unstyled\" data-block-weight=\"37\" data-block-id=\"8\">\n<p class=\"content-text__container \" data-track-category=\"Link no Texto\" data-track-links=\"\"><strong>De acordo com o boletim de ocorr\u00eancia, a cachorra permaneceu internada no local at\u00e9 morrer no dia 5 de agosto.<\/strong> <span class=\"highlight highlighted\">De acordo com a cl\u00ednica veterin\u00e1ria, a causa da morte foi fal\u00eancia renal e parada cardiorrespirat\u00f3ria.<\/span><\/p>\n<p data-track-category=\"Link no Texto\" data-track-links=\"\">\n<\/div>\n<div class=\"row medium-uncollapsed content-media content-photo\" data-block-type=\"backstage-photo\" data-block-id=\"9\">\n<div class=\"mc-column content-media__container\">\n<div class=\"content-media-container glb-skeleton-box\">\n<figure class=\"content-media-figure\">\n<p><figure style=\"width: 647px\" class=\"wp-caption aligncenter\"><img loading=\"lazy\" decoding=\"async\" class=\"i-amphtml-fill-content i-amphtml-replaced-content\" src=\"https:\/\/s2.glbimg.com\/nqf_UzLItu0iijxkh8bu44HnoAw=\/0x0:1920x1080\/984x0\/smart\/filters:strip_icc()\/i.s3.glbimg.com\/v1\/AUTH_59edd422c0c84a879bd37670ae4f538a\/internal_photos\/bs\/2022\/5\/3\/9jCFJNQIal4nHrQXOAGA\/design-sem-nome-2022-09-08t150541.438.jpg\" sizes=\"auto, (max-width: 1366px) 648px, 100vw\" srcset=\"https:\/\/s2.glbimg.com\/odJud7wfxS1g6Ig88LzR4Lef4WE=\/0x0:1920x1080\/1000x0\/smart\/filters:strip_icc()\/i.s3.glbimg.com\/v1\/AUTH_59edd422c0c84a879bd37670ae4f538a\/internal_photos\/bs\/2022\/5\/3\/9jCFJNQIal4nHrQXOAGA\/design-sem-nome-2022-09-08t150541.438.jpg 1000w, https:\/\/s2.glbimg.com\/nqf_UzLItu0iijxkh8bu44HnoAw=\/0x0:1920x1080\/984x0\/smart\/filters:strip_icc()\/i.s3.glbimg.com\/v1\/AUTH_59edd422c0c84a879bd37670ae4f538a\/internal_photos\/bs\/2022\/5\/3\/9jCFJNQIal4nHrQXOAGA\/design-sem-nome-2022-09-08t150541.438.jpg 984w, https:\/\/s2.glbimg.com\/9JLW8wKE9ThLXeKdNkYpkreBN2s=\/0x0:1920x1080\/640x0\/smart\/filters:strip_icc()\/i.s3.glbimg.com\/v1\/AUTH_59edd422c0c84a879bd37670ae4f538a\/internal_photos\/bs\/2022\/5\/3\/9jCFJNQIal4nHrQXOAGA\/design-sem-nome-2022-09-08t150541.438.jpg 640w, https:\/\/s2.glbimg.com\/pZZ9GFNOOUXp9XnTwi-Q4VnQ6cU=\/0x0:1920x1080\/600x0\/smart\/filters:strip_icc()\/i.s3.glbimg.com\/v1\/AUTH_59edd422c0c84a879bd37670ae4f538a\/internal_photos\/bs\/2022\/5\/3\/9jCFJNQIal4nHrQXOAGA\/design-sem-nome-2022-09-08t150541.438.jpg 600w\" alt=\"Caso \u00e9 investigado pela pol\u00edcia. \u2014 Foto: Reprodu\u00e7\u00e3o\/RedesSociais\" width=\"647\" height=\"364\" \/><figcaption class=\"wp-caption-text\">Caso \u00e9 investigado pela pol\u00edcia. \u2014 Foto: Reprodu\u00e7\u00e3o\/RedesSociais<\/figcaption><\/figure><\/figure>\n<\/div>\n<p class=\"content-media__description \">\n<\/div>\n<\/div>\n<div class=\"mc-column content-text active-extra-styles \" data-block-type=\"unstyled\" data-block-weight=\"21\" data-block-id=\"10\">\n<p data-track-category=\"Link no Texto\" data-track-links=\"\">\n<p class=\"content-text__container \" data-track-category=\"Link no Texto\" data-track-links=\"\">Ap\u00f3s tomar conhecimento dos outros casos semelhantes pelo Brasil, a tutora decidiu comparecer \u00e0 delegacia especializada para relatar o ocorrido.<\/p>\n<\/div>\n<div class=\"content-ads content-ads--reveal\" data-block-type=\"ads\" data-block-id=\"11\">\n<div><\/div>\n<\/div>\n<div class=\"mc-column content-text active-extra-styles \" data-block-type=\"unstyled\" data-block-weight=\"31\" data-block-id=\"12\">\n<p class=\"content-text__container \" data-track-category=\"Link no Texto\" data-track-links=\"\">Na segunda-feira (5), a Pol\u00edcia Civil de Minas Gerais informou que recebeu relatos de aproximadamente 40 mortes de cachorros no Brasil ap\u00f3s a ingest\u00e3o de petiscos com suspeita de contamina\u00e7\u00e3o.<\/p>\n<\/div>\n<div class=\"mc-column content-text active-extra-styles\" data-block-type=\"raw\" data-block-weight=\"1\" data-block-id=\"13\">\n<p class=\"content-text__container\">\n<div class=\"content-intertitle\">\n<h2>Entenda<\/h2>\n<p>&nbsp;<\/p>\n<\/div>\n<p>&nbsp;<\/p>\n<\/div>\n<div class=\"row medium-uncollapsed content-media content-photo\" data-block-type=\"backstage-photo\" data-block-id=\"14\">\n<div class=\"mc-column content-media__container\">\n<div class=\"content-media-container glb-skeleton-box\">\n<figure class=\"content-media-figure\">\n<p><figure style=\"width: 647px\" class=\"wp-caption aligncenter\"><img loading=\"lazy\" decoding=\"async\" class=\"i-amphtml-fill-content i-amphtml-replaced-content\" src=\"https:\/\/s2.glbimg.com\/YIAYCaFCjfBGP4PlkmXdodvrx-U=\/0x0:1920x1080\/984x0\/smart\/filters:strip_icc()\/i.s3.glbimg.com\/v1\/AUTH_59edd422c0c84a879bd37670ae4f538a\/internal_photos\/bs\/2022\/D\/k\/RxdQ4hQjAYG6SBVBYQqw\/design-sem-nome.jpg\" sizes=\"auto, (max-width: 1366px) 648px, 100vw\" srcset=\"https:\/\/s2.glbimg.com\/jgX-AUMxt4jWdObyL4aUm_Z2JYA=\/0x0:1920x1080\/1000x0\/smart\/filters:strip_icc()\/i.s3.glbimg.com\/v1\/AUTH_59edd422c0c84a879bd37670ae4f538a\/internal_photos\/bs\/2022\/D\/k\/RxdQ4hQjAYG6SBVBYQqw\/design-sem-nome.jpg 1000w, https:\/\/s2.glbimg.com\/YIAYCaFCjfBGP4PlkmXdodvrx-U=\/0x0:1920x1080\/984x0\/smart\/filters:strip_icc()\/i.s3.glbimg.com\/v1\/AUTH_59edd422c0c84a879bd37670ae4f538a\/internal_photos\/bs\/2022\/D\/k\/RxdQ4hQjAYG6SBVBYQqw\/design-sem-nome.jpg 984w, https:\/\/s2.glbimg.com\/1vgqVqOtO2r0XxUiOSjsiQQxB5c=\/0x0:1920x1080\/640x0\/smart\/filters:strip_icc()\/i.s3.glbimg.com\/v1\/AUTH_59edd422c0c84a879bd37670ae4f538a\/internal_photos\/bs\/2022\/D\/k\/RxdQ4hQjAYG6SBVBYQqw\/design-sem-nome.jpg 640w, https:\/\/s2.glbimg.com\/3OFaKap07LP-2UY7iFBhd-dIpv4=\/0x0:1920x1080\/600x0\/smart\/filters:strip_icc()\/i.s3.glbimg.com\/v1\/AUTH_59edd422c0c84a879bd37670ae4f538a\/internal_photos\/bs\/2022\/D\/k\/RxdQ4hQjAYG6SBVBYQqw\/design-sem-nome.jpg 600w\" alt=\"Petiscos com suspeita de contamina\u00e7\u00e3o  \u2014 Foto: Foto: Divulga\u00e7\u00e3o Tv Globo \" width=\"647\" height=\"364\" \/><figcaption class=\"wp-caption-text\">Petiscos com suspeita de contamina\u00e7\u00e3o \u2014 Foto: Foto: Divulga\u00e7\u00e3o Tv Globo<\/figcaption><\/figure><\/figure>\n<\/div>\n<p class=\"content-media__description \">\n<\/div>\n<\/div>\n<div class=\"mc-column content-text active-extra-styles \" data-block-type=\"unstyled\" data-block-weight=\"26\" data-block-id=\"15\">\n<p class=\"content-text__container \" data-track-category=\"Link no Texto\" data-track-links=\"\">Tr\u00eas marcas de petiscos s\u00e3o investigadas por suspeita de contamina\u00e7\u00e3o: <strong>Dental Care, Every Day e Petz Snack Cuidado Oral.<\/strong> Todos s\u00e3o de fabrica\u00e7\u00e3o da empresa Bassar.<\/p>\n<p data-track-category=\"Link no Texto\" data-track-links=\"\">\n<\/div>\n<div class=\"mc-column content-text active-extra-styles \" data-block-type=\"unstyled\" data-block-weight=\"33\" data-block-id=\"16\">\n<p class=\"content-text__container \" data-track-category=\"Link no Texto\" data-track-links=\"\">Na sexta-feira (2), a Pol\u00edcia Civil de Minas Gerais informou que, em um dos petiscos entregues \u00e0 delegacia por tutores de animais que passaram mal ou morreram, foi identificada a presen\u00e7a de monoetilenoglicol.<\/p>\n<p data-track-category=\"Link no Texto\" data-track-links=\"\">\n<\/div>\n<div class=\"mc-column content-text active-extra-styles \" data-block-type=\"unstyled\" data-block-weight=\"36\" data-block-id=\"17\">\n<p class=\"content-text__container \" data-track-category=\"Link no Texto\" data-track-links=\"\">A subst\u00e2ncia, que \u00e9 t\u00f3xica e pode levar \u00e0 insufici\u00eancia renal, j\u00e1 tinha sido detectada por meio de necropsia realizada pela Escola de Veterin\u00e1ria da Universidade Federal de Minas Gerais (UFMG) em um dos c\u00e3ezinhos mortos.<\/p>\n<\/div>\n<div class=\"content-ads content-ads--reveal\" data-block-type=\"ads\" data-block-id=\"18\">\n<div><\/div>\n<\/div>\n<div class=\"mc-column content-text active-extra-styles \" data-block-type=\"unstyled\" data-block-weight=\"31\" data-block-id=\"19\">\n<p class=\"content-text__container \" data-track-category=\"Link no Texto\" data-track-links=\"\">Ainda na sexta-feira, o Minist\u00e9rio da Agricultura, Pecu\u00e1ria e Abastecimento (Mapa) determinou o recolhimento nacional de todos os lotes de produtos da Bassar e a interdi\u00e7\u00e3o da f\u00e1brica, em Guarulhos (SP).<\/p>\n<p data-track-category=\"Link no Texto\" data-track-links=\"\">\n<\/div>\n<div class=\"mc-column content-text active-extra-styles \" data-block-type=\"unstyled\" data-block-weight=\"13\" data-block-id=\"20\">\n<p class=\"content-text__container \" data-track-category=\"Link no Texto\" data-track-links=\"\">Na segunda-feira (5), a pasta informou que determinou a fiscaliza\u00e7\u00e3o dos estabelecimentos distribuidores.<\/p>\n<p data-track-category=\"Link no Texto\" data-track-links=\"\">\n<\/div>\n<div class=\"mc-column content-text active-extra-styles \" data-block-type=\"unstyled\" data-block-weight=\"44\" data-block-id=\"21\">\n<p class=\"content-text__container \" data-track-category=\"Link no Texto\" data-track-links=\"\">&#8220;O Mapa orienta que formalizem as den\u00fancias junto \u00e0 Ouvidoria do Minist\u00e9rio munidos de informa\u00e7\u00f5es sobre lote e data de fabrica\u00e7\u00e3o dos produtos suspeitos. J\u00e1 para fins de ressarcimento, consumidores devem entrar em contato com o fabricante ou com o estabelecimento&#8221;, afirmou, em nota.<\/p>\n<p data-track-category=\"Link no Texto\" data-track-links=\"\">\n<\/div>\n<div class=\"mc-column content-text active-extra-styles \" data-block-type=\"unstyled\" data-block-weight=\"40\" data-block-id=\"22\">\n<p class=\"content-text__container \" data-track-category=\"Link no Texto\" data-track-links=\"\">A Bassar anunciou, na quarta-feira (7), que est\u00e1 realizando um recall de todos os produtos comercializados pela marca. A empresa pede aos consumidores que entreguem no local de venda os itens adquiridos anteriormente.<\/p>\n<p class=\"content-text__container \" data-track-category=\"Link no Texto\" data-track-links=\"\"><strong>Veja a seguir a nota na \u00edntegra:<\/strong><\/p>\n<\/div>\n<div class=\"mc-column content-text active-extra-styles \" data-block-type=\"unstyled\" data-block-weight=\"57\" data-block-id=\"23\">\n<p class=\"content-text__container \" data-track-category=\"Link no Texto\" data-track-links=\"\"><em>&#8220;A Bassar Pet Food informa que decidiu interromper a produ\u00e7\u00e3o de sua f\u00e1brica at\u00e9 que sejam totalmente esclarecidas as suspeitas de contamina\u00e7\u00e3o de pets envolvendo lotes de seus produtos. A empresa tamb\u00e9m est\u00e1 contratando uma empresa especializada para fazer uma inspe\u00e7\u00e3o detalhada de todos os processos de produ\u00e7\u00e3o e do maquin\u00e1rio em sua f\u00e1brica, em S\u00e3o Paulo.<\/em><\/p>\n<\/div>\n<div class=\"mc-column content-text active-extra-styles \" data-block-type=\"unstyled\" data-block-weight=\"36\" data-block-id=\"24\">\n<p class=\"content-text__container \" data-track-category=\"Link no Texto\" data-track-links=\"\"><em>De modo preventivo, a companhia j\u00e1 estava recolhendo os lotes de duas linhas de alimentos, mas proceder\u00e1 agora ao recolhimento de todos os produtos da empresa nacionalmente, conforme determina\u00e7\u00e3o do Minist\u00e9rio da Agricultura, Pecu\u00e1rio e Abastecimento.<\/em><\/p>\n<\/div>\n<div class=\"mc-column content-text active-extra-styles \" data-block-type=\"unstyled\" data-block-weight=\"54\" data-block-id=\"26\">\n<p class=\"content-text__container \" data-track-category=\"Link no Texto\" data-track-links=\"\"><em>A Bassar esclarece que ainda n\u00e3o teve acesso ao laudo produzido pela Pol\u00edcia Civil de Minas Gerais, mas est\u00e1 colaborando totalmente com as autoridades desde o in\u00edcio dos relatos sobre os casos. A empresa enviou amostras de produtos para institutos de refer\u00eancia nacional para atestar a seguran\u00e7a e conformidade de seus produtos sob investiga\u00e7\u00e3o.<\/em><\/p>\n<\/div>\n<div class=\"mc-column content-text active-extra-styles \" data-block-type=\"unstyled\" data-block-weight=\"24\" data-block-id=\"27\">\n<p class=\"content-text__container \" data-track-category=\"Link no Texto\" data-track-links=\"\"><em>Al\u00e9m disso, acionou todos os seus fornecedores para que fa\u00e7am o rastreamento dos insumos utilizados para afastarem a hip\u00f3tese de algum tipo de contamina\u00e7\u00e3o.<\/em><\/p>\n<\/div>\n<div class=\"mc-column content-text active-extra-styles \" data-block-type=\"unstyled\" data-block-weight=\"48\" data-block-id=\"28\">\n<p class=\"content-text__container \" data-track-category=\"Link no Texto\" data-track-links=\"\"><em>A empresa est\u00e1 solid\u00e1ria com todos os tutores de pets \u2013 nossos consumidores e raz\u00e3o de nossa empresa existir. Somos os maiores interessados no esclarecimento do caso. Por isso, a empresa vem tomando todas as provid\u00eancias para investiga\u00e7\u00e3o dos fatos. Os consumidores podem tirar d\u00favidas pelo e-mail sac@bassarpetfood.com.br.&#8221;<\/em><\/p>\n<\/div>\n<\/div>\n<p data-track-category=\"Link no Texto\" data-track-links=\"\">\n<p data-track-category=\"Link no Texto\" data-track-links=\"\">\n<p class=\"content-publication-data__from\" title=\"Renata Barros e Gustavo Arakaki, g1 MS e TV Morena\">Por Renata Barros e Gustavo Arakaki, g1 MS e TV Morena<\/p>\n","protected":false},"excerpt":{"rendered":"<p>Uma tutora, que prefere n\u00e3o ser identificada, procurou a Delegacia Especializada de Repress\u00e3o aos Crimes Ambientais e de Atendimento ao Turista (Decat) ap\u00f3s a cachorra de estima\u00e7\u00e3o dela morrer depois de ingerir o petisco \u201cDental Care\u201d. A cadela morreu no in\u00edcio de agosto, em Campo Grande, por\u00e9m a tutora s\u00f3 decidiu procurar a pol\u00edcia nessa [&hellip;]<\/p>\n","protected":false},"author":5,"featured_media":217340,"comment_status":"closed","ping_status":"closed","sticky":false,"template":"","format":"standard","meta":{"footnotes":""},"categories":[38],"tags":[],"class_list":["post-217339","post","type-post","status-publish","format-standard","has-post-thumbnail","hentry","category-policia"],"_links":{"self":[{"href":"https:\/\/www.ocorreionews.com.br\/acervo-correio\/index.php?rest_route=\/wp\/v2\/posts\/217339","targetHints":{"allow":["GET"]}}],"collection":[{"href":"https:\/\/www.ocorreionews.com.br\/acervo-correio\/index.php?rest_route=\/wp\/v2\/posts"}],"about":[{"href":"https:\/\/www.ocorreionews.com.br\/acervo-correio\/index.php?rest_route=\/wp\/v2\/types\/post"}],"author":[{"embeddable":true,"href":"https:\/\/www.ocorreionews.com.br\/acervo-correio\/index.php?rest_route=\/wp\/v2\/users\/5"}],"replies":[{"embeddable":true,"href":"https:\/\/www.ocorreionews.com.br\/acervo-correio\/index.php?rest_route=%2Fwp%2Fv2%2Fcomments&post=217339"}],"version-history":[{"count":1,"href":"https:\/\/www.ocorreionews.com.br\/acervo-correio\/index.php?rest_route=\/wp\/v2\/posts\/217339\/revisions"}],"predecessor-version":[{"id":217341,"href":"https:\/\/www.ocorreionews.com.br\/acervo-correio\/index.php?rest_route=\/wp\/v2\/posts\/217339\/revisions\/217341"}],"wp:featuredmedia":[{"embeddable":true,"href":"https:\/\/www.ocorreionews.com.br\/acervo-correio\/index.php?rest_route=\/wp\/v2\/media\/217340"}],"wp:attachment":[{"href":"https:\/\/www.ocorreionews.com.br\/acervo-correio\/index.php?rest_route=%2Fwp%2Fv2%2Fmedia&parent=217339"}],"wp:term":[{"taxonomy":"category","embeddable":true,"href":"https:\/\/www.ocorreionews.com.br\/acervo-correio\/index.php?rest_route=%2Fwp%2Fv2%2Fcategories&post=217339"},{"taxonomy":"post_tag","embeddable":true,"href":"https:\/\/www.ocorreionews.com.br\/acervo-correio\/index.php?rest_route=%2Fwp%2Fv2%2Ftags&post=217339"}],"curies":[{"name":"wp","href":"https:\/\/api.w.org\/{rel}","templated":true}]}}