{"id":217810,"date":"2022-09-15T09:20:43","date_gmt":"2022-09-15T13:20:43","guid":{"rendered":"https:\/\/www.ocorreionews.com.br\/acervo-correio\/?p=217810"},"modified":"2022-09-15T09:20:43","modified_gmt":"2022-09-15T13:20:43","slug":"motoqueiro-e-flagrado-em-ciclo-faixa-e-ao-ser-abordado-pela-pm-e-preso-com-drogas-em-chapadao-do-sul","status":"publish","type":"post","link":"https:\/\/www.ocorreionews.com.br\/acervo-correio\/?p=217810","title":{"rendered":"Motoqueiro \u00e9 flagrado em ciclo-faixa e ao ser abordado pela PM \u00e9 preso com drogas em Chapad\u00e3o do Sul"},"content":{"rendered":"<p>Na manh\u00e3 desta quarta-feira (14), um motoqueiro de 27 anos, foi flagrado por policiais militares trafegando na ciclo-faixa \u00a0e ao ser abordado foi encontrado drogas com ele.<\/p>\n<p>De acordo com o boletim de ocorr\u00eancia, uma equipe da PM realizava rondas ostensivas e preventivas na regi\u00e3o central do munic\u00edpio quando avistou um motociclista trafegando na ciclo-faixa. Ao ser realizada a abordagem, durante busca pessoal foi encontrado, na cintura do condutor, um pote de vidro contendo aproximadamente 14 gramas de subst\u00e2ncia an\u00e1loga maconha. Ao ser questionado sobre a droga, o mesmo falou que era para uso pessoal.<\/p>\n<p>As medidas administrativas de tr\u00e2nsito foram elaboradas e o condutor foi encaminhado para delegacia de pol\u00edcia para provid\u00eancias.<\/p>\n<p>O Correio News com informa\u00e7\u00f5es da Assessoria de comunica\u00e7\u00e3o da 4\u00aa CIPM.<\/p>\n","protected":false},"excerpt":{"rendered":"<p>Na manh\u00e3 desta quarta-feira (14), um motoqueiro de 27 anos, foi flagrado por policiais militares trafegando na ciclo-faixa \u00a0e ao ser abordado foi encontrado drogas com ele. De acordo com o boletim de ocorr\u00eancia, uma equipe da PM realizava rondas ostensivas e preventivas na regi\u00e3o central do munic\u00edpio quando avistou um motociclista trafegando na ciclo-faixa. [&hellip;]<\/p>\n","protected":false},"author":5,"featured_media":217811,"comment_status":"closed","ping_status":"closed","sticky":false,"template":"","format":"standard","meta":{"footnotes":""},"categories":[23,38],"tags":[],"class_list":["post-217810","post","type-post","status-publish","format-standard","has-post-thumbnail","hentry","category-chapadao-do-sul","category-policia"],"_links":{"self":[{"href":"https:\/\/www.ocorreionews.com.br\/acervo-correio\/index.php?rest_route=\/wp\/v2\/posts\/217810","targetHints":{"allow":["GET"]}}],"collection":[{"href":"https:\/\/www.ocorreionews.com.br\/acervo-correio\/index.php?rest_route=\/wp\/v2\/posts"}],"about":[{"href":"https:\/\/www.ocorreionews.com.br\/acervo-correio\/index.php?rest_route=\/wp\/v2\/types\/post"}],"author":[{"embeddable":true,"href":"https:\/\/www.ocorreionews.com.br\/acervo-correio\/index.php?rest_route=\/wp\/v2\/users\/5"}],"replies":[{"embeddable":true,"href":"https:\/\/www.ocorreionews.com.br\/acervo-correio\/index.php?rest_route=%2Fwp%2Fv2%2Fcomments&post=217810"}],"version-history":[{"count":1,"href":"https:\/\/www.ocorreionews.com.br\/acervo-correio\/index.php?rest_route=\/wp\/v2\/posts\/217810\/revisions"}],"predecessor-version":[{"id":217813,"href":"https:\/\/www.ocorreionews.com.br\/acervo-correio\/index.php?rest_route=\/wp\/v2\/posts\/217810\/revisions\/217813"}],"wp:featuredmedia":[{"embeddable":true,"href":"https:\/\/www.ocorreionews.com.br\/acervo-correio\/index.php?rest_route=\/wp\/v2\/media\/217811"}],"wp:attachment":[{"href":"https:\/\/www.ocorreionews.com.br\/acervo-correio\/index.php?rest_route=%2Fwp%2Fv2%2Fmedia&parent=217810"}],"wp:term":[{"taxonomy":"category","embeddable":true,"href":"https:\/\/www.ocorreionews.com.br\/acervo-correio\/index.php?rest_route=%2Fwp%2Fv2%2Fcategories&post=217810"},{"taxonomy":"post_tag","embeddable":true,"href":"https:\/\/www.ocorreionews.com.br\/acervo-correio\/index.php?rest_route=%2Fwp%2Fv2%2Ftags&post=217810"}],"curies":[{"name":"wp","href":"https:\/\/api.w.org\/{rel}","templated":true}]}}