{"id":217814,"date":"2022-09-15T09:40:21","date_gmt":"2022-09-15T13:40:21","guid":{"rendered":"https:\/\/www.ocorreionews.com.br\/acervo-correio\/?p=217814"},"modified":"2022-09-15T13:41:54","modified_gmt":"2022-09-15T17:41:54","slug":"novas-informacoes-sobre-a-tentativa-de-execucao-de-homem-em-costa-rica","status":"publish","type":"post","link":"https:\/\/www.ocorreionews.com.br\/acervo-correio\/?p=217814","title":{"rendered":"Novas informa\u00e7\u00f5es sobre a tentativa de execu\u00e7\u00e3o de homem em Costa Rica"},"content":{"rendered":"<p>Na manh\u00e3 desta quarta-feira (14), foi informado para as autoridades policiais de Costa Rica, sobre uma tentativa de homic\u00eddio contra um homem Rua Orozina In\u00e1cio de Amorim, pr\u00f3ximo ao um Ferro Velho.<\/p>\n<p>Conforme relato da v\u00edtima de 33 anos, ele estava andando no Bairro Parque Industrial quando foi abordada por tr\u00eas homens que estavam em um ve\u00edculo Fiat Uno Branco, de posse de dois rev\u00f3lveres, e um peda\u00e7o de pau, que for\u00e7aram a v\u00edtima a entrar no ve\u00edculo, mas, esta se recusou e tentou fugir quando levou um tiro na perna esquerda e levou uma paulada que acabou fraturando o dedo esquerdo ao tentar se defender.<\/p>\n<figure id=\"attachment_217807\" aria-describedby=\"caption-attachment-217807\" style=\"width: 418px\" class=\"wp-caption aligncenter\"><a href=\"https:\/\/www.ocorreionews.com.br\/acervo-correio\/wp-content\/uploads\/2022\/09\/vitima-tentativa-de-homicio.jpg\"><img loading=\"lazy\" decoding=\"async\" class=\"wp-image-217807 size-full\" src=\"https:\/\/www.ocorreionews.com.br\/acervo-correio\/wp-content\/uploads\/2022\/09\/vitima-tentativa-de-homicio.jpg\" alt=\"\" width=\"418\" height=\"600\" srcset=\"https:\/\/www.ocorreionews.com.br\/acervo-correio\/wp-content\/uploads\/2022\/09\/vitima-tentativa-de-homicio.jpg 418w, https:\/\/www.ocorreionews.com.br\/acervo-correio\/wp-content\/uploads\/2022\/09\/vitima-tentativa-de-homicio-209x300.jpg 209w\" sizes=\"auto, (max-width: 418px) 100vw, 418px\" \/><\/a><figcaption id=\"caption-attachment-217807\" class=\"wp-caption-text\">V\u00edtima de tentativa de homic\u00eddio chegando na Delegacia para prestar depoimento. Foto Ynove Noticias<\/figcaption><\/figure>\n<p>A vitima come\u00e7ou a gritar por socorro, o que fizeram os homens desistir e fugirem em dire\u00e7\u00e3o \u00e0 cidade de Figueir\u00e3o.<\/p>\n<p>O corpo de bombeiros da cidade foi acionado e encaminhou o homem consciente at\u00e9 a Funda\u00e7\u00e3o Hospitalar onde recebeu atendimento m\u00e9dico e recebeu alta logo em seguida.<\/p>\n<p>Cerca de uma hora depois da tentativa de homic\u00eddio, o ve\u00edculo que os criminosos fugiram foi abordado pr\u00f3ximo ao munic\u00edpio de Figueir\u00e3o por uma equipe da Pol\u00edcia Militar do munic\u00edpio, tendo como ocupantes dois homens de 25 e 18 anos e um adolescente de, 17 anos, os quais foram identificados e encaminhados at\u00e9 Costa Rica onde confessaram o crime.<\/p>\n<p>O homem de 25 anos confessou a autoria do disparo, mas a arma do crime ainda n\u00e3o foi encontrada.<\/p>\n<figure id=\"attachment_217761\" aria-describedby=\"caption-attachment-217761\" style=\"width: 650px\" class=\"wp-caption aligncenter\"><a href=\"https:\/\/www.ocorreionews.com.br\/acervo-correio\/wp-content\/uploads\/2022\/09\/uno-crime-cr.jpg\"><img loading=\"lazy\" decoding=\"async\" class=\"wp-image-217761 size-full\" src=\"https:\/\/www.ocorreionews.com.br\/acervo-correio\/wp-content\/uploads\/2022\/09\/uno-crime-cr.jpg\" alt=\"\" width=\"650\" height=\"600\" srcset=\"https:\/\/www.ocorreionews.com.br\/acervo-correio\/wp-content\/uploads\/2022\/09\/uno-crime-cr.jpg 650w, https:\/\/www.ocorreionews.com.br\/acervo-correio\/wp-content\/uploads\/2022\/09\/uno-crime-cr-300x277.jpg 300w\" sizes=\"auto, (max-width: 650px) 100vw, 650px\" \/><\/a><figcaption id=\"caption-attachment-217761\" class=\"wp-caption-text\">Carro utilizado pelos criminosos (Foto Divulga\u00e7\u00e3o)<\/figcaption><\/figure>\n<p>*O Correio News, com informa\u00e7\u00f5es da Assessoria da PM e Ynove Not\u00edcias<\/p>\n","protected":false},"excerpt":{"rendered":"<p>Na manh\u00e3 desta quarta-feira (14), foi informado para as autoridades policiais de Costa Rica, sobre uma tentativa de homic\u00eddio contra um homem Rua Orozina In\u00e1cio de Amorim, pr\u00f3ximo ao um Ferro Velho. Conforme relato da v\u00edtima de 33 anos, ele estava andando no Bairro Parque Industrial quando foi abordada por tr\u00eas homens que estavam em [&hellip;]<\/p>\n","protected":false},"author":5,"featured_media":217806,"comment_status":"closed","ping_status":"closed","sticky":false,"template":"","format":"standard","meta":{"footnotes":""},"categories":[25,41],"tags":[],"class_list":["post-217814","post","type-post","status-publish","format-standard","has-post-thumbnail","hentry","category-costa-rica","category-destaque"],"_links":{"self":[{"href":"https:\/\/www.ocorreionews.com.br\/acervo-correio\/index.php?rest_route=\/wp\/v2\/posts\/217814","targetHints":{"allow":["GET"]}}],"collection":[{"href":"https:\/\/www.ocorreionews.com.br\/acervo-correio\/index.php?rest_route=\/wp\/v2\/posts"}],"about":[{"href":"https:\/\/www.ocorreionews.com.br\/acervo-correio\/index.php?rest_route=\/wp\/v2\/types\/post"}],"author":[{"embeddable":true,"href":"https:\/\/www.ocorreionews.com.br\/acervo-correio\/index.php?rest_route=\/wp\/v2\/users\/5"}],"replies":[{"embeddable":true,"href":"https:\/\/www.ocorreionews.com.br\/acervo-correio\/index.php?rest_route=%2Fwp%2Fv2%2Fcomments&post=217814"}],"version-history":[{"count":1,"href":"https:\/\/www.ocorreionews.com.br\/acervo-correio\/index.php?rest_route=\/wp\/v2\/posts\/217814\/revisions"}],"predecessor-version":[{"id":217815,"href":"https:\/\/www.ocorreionews.com.br\/acervo-correio\/index.php?rest_route=\/wp\/v2\/posts\/217814\/revisions\/217815"}],"wp:featuredmedia":[{"embeddable":true,"href":"https:\/\/www.ocorreionews.com.br\/acervo-correio\/index.php?rest_route=\/wp\/v2\/media\/217806"}],"wp:attachment":[{"href":"https:\/\/www.ocorreionews.com.br\/acervo-correio\/index.php?rest_route=%2Fwp%2Fv2%2Fmedia&parent=217814"}],"wp:term":[{"taxonomy":"category","embeddable":true,"href":"https:\/\/www.ocorreionews.com.br\/acervo-correio\/index.php?rest_route=%2Fwp%2Fv2%2Fcategories&post=217814"},{"taxonomy":"post_tag","embeddable":true,"href":"https:\/\/www.ocorreionews.com.br\/acervo-correio\/index.php?rest_route=%2Fwp%2Fv2%2Ftags&post=217814"}],"curies":[{"name":"wp","href":"https:\/\/api.w.org\/{rel}","templated":true}]}}