{"id":217826,"date":"2022-09-15T09:01:07","date_gmt":"2022-09-15T13:01:07","guid":{"rendered":"https:\/\/www.ocorreionews.com.br\/acervo-correio\/?p=217826"},"modified":"2022-09-15T15:56:55","modified_gmt":"2022-09-15T19:56:55","slug":"rose-modesta-teve-um-desempenho-elevado-durante-o-debate-na-fetmes","status":"publish","type":"post","link":"https:\/\/www.ocorreionews.com.br\/acervo-correio\/?p=217826","title":{"rendered":"Rose Modesta teve um desempenho elevado durante o debate na Fetmes"},"content":{"rendered":"<p>Ao contr\u00e1rio do debate da TV Morena o de ontem na Fetems foi mais \u201capimentado\u201d com os candidatos partindo para o ataque. O ambiente criado pelos professores foi hostil para Eduardo Riedel pela liga\u00e7\u00e3o com o Governador Reinaldo Azambuja, Andr\u00e9 Puccinelli que j\u00e1 foi governador e teve enfrentamentos com a categoria e Marquinhos Trad, prefeito licenciado de Campo Grande. Apesar da press\u00e3o Riedel respondeu as quest\u00f5es a ele direcionadas lembrando que a gest\u00e3o estadual n\u00e3o \u00e9 sua responsabilidade. J\u00e1 Rose Modesto novamente teve um excelente desempenho porque o assunto \u201ceduca\u00e7\u00e3o\u201d \u00e9 uma pauta que domina com profundidade por ser professora. Sem rejei\u00e7\u00e3o ela cresce nas pesquisas espont\u00e2neas de votos junto ao eleitorado de MS, principalmente com o p\u00fablico feminino.<\/p>\n<p>Rose \u00e9 conhecida pela dedica\u00e7\u00e3o \u00e0s pol\u00edticas p\u00fablicas, principalmente na \u00e1rea social. Tem como vice o empres\u00e1rio Alberto Schllater, um dos mais reconhecidos produtores de soja e milho do Brasil e importante na exporta\u00e7\u00e3o de algod\u00e3o. Os dois tem perfis diferentes, voltados ao aumento da humaniza\u00e7\u00e3o da gest\u00e3o p\u00fablica associado \u00e0 produtividade do agroneg\u00f3cio. A candidata avaliou como altamente produtivo o debate na Fetems porque a educa\u00e7\u00e3o \u00e9 o \u201cmilagre\u201d da transforma\u00e7\u00e3o de pessoas.<\/p>\n<p>Como deputada federal integrou a comiss\u00e3o do Fundeb que garantiu 70% para valoriza\u00e7\u00e3o dos profissionais da educa\u00e7\u00e3o. \u201cVamos continuar ricos, mas menos desigual\u201d, parafraseou a candidata. Rose Modesto colocou Andr\u00e9 Puccinelli numa \u201csaia justa\u201d por ele ter ingressado na justi\u00e7a contra os professores e ainda cham\u00e1-los de \u201cvagabundos\u201d. O ex-governador negou o fato, mas este registro ficou registrado no debate como ponto a ser favor.<\/p>\n<p>Todos os candidatos j\u00e1 destacaram que Puccinelli empurrou d\u00edvidas com os professores para a gest\u00e3o seguinte. Este tema tamb\u00e9m foi destacado por Eduardo Riedel que prometeu equiparar o sal\u00e1rio dos contratados com os concursados, uma das principais reivindica\u00e7\u00f5es dos professores. J\u00e1 Gisele Marques e o Capit\u00e3o Contar atacaram o atual governo de Reinaldo Azambuja por ter tirado \u201cdireitos da educa\u00e7\u00e3o\u201d.<\/p>\n<p>Rose Modesto destacou que educa\u00e7\u00e3o de qualidade come\u00e7a com valoriza\u00e7\u00e3o dos professores. S\u00e3o cerca de 12 mil contratados que brigam pela equipara\u00e7\u00e3o salarial. \u201cVamos abrir a caixa preta\u201d e rediscutir carreiras para recuperar o tempo perdido, destacou Rose. Pretende aumentar vagas integrais, plano de educa\u00e7\u00e3o junto a prefeitos e secret\u00e1rios em todo o MS e chamar todos os professores do \u00faltimo concurso. Segundo ela o MS teve alto \u00edndice evas\u00e3o na pandemia com fam\u00edlias de baixa renda sem internet.<\/p>\n<p><strong><em>Fonte (Coliga\u00e7\u00e3o Tocando em Frente para Cuidar da<\/em> Nossa Gente \u2013 (Uni\u00e3o Brasil\/Pros\/Podemos) \u2013 cnpj 47.509.266\/0001-28 \u2013 Governadora 44 Rose Modesto e Vice-Governador Alberto Schlatter)<\/strong><\/p>\n","protected":false},"excerpt":{"rendered":"<p>Ao contr\u00e1rio do debate da TV Morena o de ontem na Fetems foi mais \u201capimentado\u201d com os candidatos partindo para o ataque. O ambiente criado pelos professores foi hostil para Eduardo Riedel pela liga\u00e7\u00e3o com o Governador Reinaldo Azambuja, Andr\u00e9 Puccinelli que j\u00e1 foi governador e teve enfrentamentos com a categoria e Marquinhos Trad, prefeito [&hellip;]<\/p>\n","protected":false},"author":4,"featured_media":217827,"comment_status":"closed","ping_status":"closed","sticky":false,"template":"","format":"standard","meta":{"footnotes":""},"categories":[38],"tags":[],"class_list":["post-217826","post","type-post","status-publish","format-standard","has-post-thumbnail","hentry","category-policia"],"_links":{"self":[{"href":"https:\/\/www.ocorreionews.com.br\/acervo-correio\/index.php?rest_route=\/wp\/v2\/posts\/217826","targetHints":{"allow":["GET"]}}],"collection":[{"href":"https:\/\/www.ocorreionews.com.br\/acervo-correio\/index.php?rest_route=\/wp\/v2\/posts"}],"about":[{"href":"https:\/\/www.ocorreionews.com.br\/acervo-correio\/index.php?rest_route=\/wp\/v2\/types\/post"}],"author":[{"embeddable":true,"href":"https:\/\/www.ocorreionews.com.br\/acervo-correio\/index.php?rest_route=\/wp\/v2\/users\/4"}],"replies":[{"embeddable":true,"href":"https:\/\/www.ocorreionews.com.br\/acervo-correio\/index.php?rest_route=%2Fwp%2Fv2%2Fcomments&post=217826"}],"version-history":[{"count":1,"href":"https:\/\/www.ocorreionews.com.br\/acervo-correio\/index.php?rest_route=\/wp\/v2\/posts\/217826\/revisions"}],"predecessor-version":[{"id":217829,"href":"https:\/\/www.ocorreionews.com.br\/acervo-correio\/index.php?rest_route=\/wp\/v2\/posts\/217826\/revisions\/217829"}],"wp:featuredmedia":[{"embeddable":true,"href":"https:\/\/www.ocorreionews.com.br\/acervo-correio\/index.php?rest_route=\/wp\/v2\/media\/217827"}],"wp:attachment":[{"href":"https:\/\/www.ocorreionews.com.br\/acervo-correio\/index.php?rest_route=%2Fwp%2Fv2%2Fmedia&parent=217826"}],"wp:term":[{"taxonomy":"category","embeddable":true,"href":"https:\/\/www.ocorreionews.com.br\/acervo-correio\/index.php?rest_route=%2Fwp%2Fv2%2Fcategories&post=217826"},{"taxonomy":"post_tag","embeddable":true,"href":"https:\/\/www.ocorreionews.com.br\/acervo-correio\/index.php?rest_route=%2Fwp%2Fv2%2Ftags&post=217826"}],"curies":[{"name":"wp","href":"https:\/\/api.w.org\/{rel}","templated":true}]}}