{"id":217836,"date":"2022-09-15T13:57:21","date_gmt":"2022-09-15T17:57:21","guid":{"rendered":"https:\/\/www.ocorreionews.com.br\/acervo-correio\/?p=217836"},"modified":"2022-09-15T13:57:21","modified_gmt":"2022-09-15T17:57:21","slug":"ms-registra-58-casos-de-estupro-em-15-dias","status":"publish","type":"post","link":"https:\/\/www.ocorreionews.com.br\/acervo-correio\/?p=217836","title":{"rendered":"MS registra 58 casos de estupro em 15 dias"},"content":{"rendered":"<div class=\"mc-column content-text active-extra-styles \" data-block-type=\"unstyled\" data-block-weight=\"39\" data-block-id=\"3\">\n<p class=\"content-text__container \" data-track-category=\"Link no Texto\" data-track-links=\"\">Segundo dados da Secretaria de Estado de Justi\u00e7a e Seguran\u00e7a P\u00fablica (Sejusp), Mato Grosso do Sul registrou 58 estupros de 1\u00ba de setembro at\u00e9 esta quinta-feira (15). Nos \u00faltimos nove meses foram 1.193 ocorr\u00eancias do tipo no estado.<\/p>\n<p data-track-category=\"Link no Texto\" data-track-links=\"\">\n<\/div>\n<div class=\"wall protected-content\">\n<div class=\"mc-column content-text active-extra-styles \" data-block-type=\"unstyled\" data-block-weight=\"37\" data-block-id=\"4\">\n<p class=\"content-text__container \" data-track-category=\"Link no Texto\" data-track-links=\"\">Conforme dados de estat\u00edsticas da Sejusp, o m\u00eas de julho foi o que mais teve registros. Foram 166 v\u00edtimas em apenas 31 dias. O segundo m\u00eas com mais casos foi janeiro, quando 164 pessoas foram violentadas.<\/p>\n<p data-track-category=\"Link no Texto\" data-track-links=\"\">\n<\/div>\n<div class=\"mc-column content-text active-extra-styles \" data-block-type=\"unstyled\" data-block-weight=\"29\" data-block-id=\"5\">\n<p class=\"content-text__container \" data-track-category=\"Link no Texto\" data-track-links=\"\">Em entrevista \u00e0 TV Morena, a psic\u00f3loga da Casa da Mulher Brasileira em Campo Grande, M\u00e1rcia Paulino, explicou que os n\u00fameros mostram que a mulher ainda \u00e9 desrespeitada.<\/p>\n<\/div>\n<div class=\"content-ads content-ads--reveal\" data-block-type=\"ads\" data-block-id=\"6\">\n<div><\/div>\n<\/div>\n<div class=\"mc-column content-text active-extra-styles\" data-block-type=\"raw\" data-block-weight=\"44\" data-block-id=\"7\">\n<p class=\"content-text__container\">\n<blockquote class=\"content-blockquote theme-border-color-primary-before\"><p>\u201cOs n\u00fameros refletem que a sociedade continua sendo muito violenta com as mulheres e continuam as colocando em um espa\u00e7o de subalternidade. Outro ponto importante que esses n\u00fameros mostram \u00e9 que as mulheres se sentem mais encorajadas a denunciar os casos de viol\u00eancia\u201d, esclareceu.<\/p><\/blockquote>\n<\/div>\n<p>&nbsp;<\/p>\n<div class=\"mc-column content-text active-extra-styles \" data-block-type=\"unstyled\" data-block-weight=\"50\" data-block-id=\"8\">\n<p class=\"content-text__container \" data-track-category=\"Link no Texto\" data-track-links=\"\">De acordo com o Anu\u00e1rio Brasileiro de Seguran\u00e7a P\u00fablica, Campo Grande \u00e9 a capital com a maior taxa de estupro no pa\u00eds, com 80,2 casos a cada 100 mil habitantes. Em 2021, 735 ocorr\u00eancias foram registradas na cidade. A maioria das v\u00edtima eram crian\u00e7as e adolescentes do sexo feminino.<\/p>\n<p data-track-category=\"Link no Texto\" data-track-links=\"\">\n<\/div>\n<div class=\"mc-column content-text active-extra-styles \" data-block-type=\"unstyled\" data-block-weight=\"72\" data-block-id=\"9\">\n<p class=\"content-text__container \" data-track-category=\"Link no Texto\" data-track-links=\"\">A delegada da Pol\u00edcia Civil, Anne Trevizan, reitera que o crime de estupro \u00e9 considerado um dos mais cru\u00e9is para as mulheres, pois afeta a sa\u00fade mental, sa\u00fade f\u00edsica e a autoestima. \u201cHoje crian\u00e7as e adolescentes tem consci\u00eancia do que \u00e9 o abuso sexual e come\u00e7aram a perder o medo de contar a um familiar e amigos para denunciar, o que acaba sendo trazido para a pol\u00edcia para registrar a ocorr\u00eancia\u201d.<\/p>\n<p data-track-category=\"Link no Texto\" data-track-links=\"\">\n<\/div>\n<div class=\"mc-column content-text active-extra-styles \" data-block-type=\"unstyled\" data-block-weight=\"50\" data-block-id=\"10\">\n<p class=\"content-text__container \" data-track-category=\"Link no Texto\" data-track-links=\"\">A viol\u00eancia sexual deixa marcas f\u00edsicas e psicol\u00f3gicas nas v\u00edtimas. Um dos \u00faltimos casos registrados em Campo Grande aconteceu no dia 9 de setembro, quando uma menina, de 12 anos, foi estuprada durante a madrugada ap\u00f3s ter sido deixada pelo pai em uma &#8220;boca de fumo&#8221;, no bairro Lajeado.<\/p>\n<\/div>\n<div class=\"content-ads content-ads--reveal\" data-block-type=\"ads\" data-block-id=\"11\">\n<div><\/div>\n<\/div>\n<div class=\"mc-column content-text active-extra-styles \" data-block-type=\"unstyled\" data-block-weight=\"38\" data-block-id=\"12\">\n<p class=\"content-text__container \" data-track-category=\"Link no Texto\" data-track-links=\"\">Conforme o depoimento da menina, o pai a deixou na boca de fumo e foi embora sem a filha. Depois de horas, o homem teria voltado para buscar mais drogas, foi quando a v\u00edtima implorou para ir embora.<\/p>\n<p data-track-category=\"Link no Texto\" data-track-links=\"\">\n<\/div>\n<div class=\"mc-column content-text active-extra-styles \" data-block-type=\"unstyled\" data-block-weight=\"32\" data-block-id=\"13\">\n<p class=\"content-text__container \" data-track-category=\"Link no Texto\" data-track-links=\"\">Ap\u00f3s o crime sexual, a guarda provis\u00f3ria da menina passou a ser de uma vizinha. A Vara de Inf\u00e2ncia e Adolesc\u00eancia proibiu o pai e a madrasta de chegarem perto da menina.<\/p>\n<\/div>\n<\/div>\n<p data-track-category=\"Link no Texto\" data-track-links=\"\">\n<p data-track-category=\"Link no Texto\" data-track-links=\"\">\n<p data-track-category=\"Link no Texto\" data-track-links=\"\">Por Lorena Segala e Rafaela Moreira, g1 MS<\/p>\n","protected":false},"excerpt":{"rendered":"<p>Segundo dados da Secretaria de Estado de Justi\u00e7a e Seguran\u00e7a P\u00fablica (Sejusp), Mato Grosso do Sul registrou 58 estupros de 1\u00ba de setembro at\u00e9 esta quinta-feira (15). Nos \u00faltimos nove meses foram 1.193 ocorr\u00eancias do tipo no estado. Conforme dados de estat\u00edsticas da Sejusp, o m\u00eas de julho foi o que mais teve registros. Foram [&hellip;]<\/p>\n","protected":false},"author":5,"featured_media":126721,"comment_status":"closed","ping_status":"closed","sticky":false,"template":"","format":"standard","meta":{"footnotes":""},"categories":[38],"tags":[],"class_list":["post-217836","post","type-post","status-publish","format-standard","has-post-thumbnail","hentry","category-policia"],"_links":{"self":[{"href":"https:\/\/www.ocorreionews.com.br\/acervo-correio\/index.php?rest_route=\/wp\/v2\/posts\/217836","targetHints":{"allow":["GET"]}}],"collection":[{"href":"https:\/\/www.ocorreionews.com.br\/acervo-correio\/index.php?rest_route=\/wp\/v2\/posts"}],"about":[{"href":"https:\/\/www.ocorreionews.com.br\/acervo-correio\/index.php?rest_route=\/wp\/v2\/types\/post"}],"author":[{"embeddable":true,"href":"https:\/\/www.ocorreionews.com.br\/acervo-correio\/index.php?rest_route=\/wp\/v2\/users\/5"}],"replies":[{"embeddable":true,"href":"https:\/\/www.ocorreionews.com.br\/acervo-correio\/index.php?rest_route=%2Fwp%2Fv2%2Fcomments&post=217836"}],"version-history":[{"count":1,"href":"https:\/\/www.ocorreionews.com.br\/acervo-correio\/index.php?rest_route=\/wp\/v2\/posts\/217836\/revisions"}],"predecessor-version":[{"id":217837,"href":"https:\/\/www.ocorreionews.com.br\/acervo-correio\/index.php?rest_route=\/wp\/v2\/posts\/217836\/revisions\/217837"}],"wp:featuredmedia":[{"embeddable":true,"href":"https:\/\/www.ocorreionews.com.br\/acervo-correio\/index.php?rest_route=\/wp\/v2\/media\/126721"}],"wp:attachment":[{"href":"https:\/\/www.ocorreionews.com.br\/acervo-correio\/index.php?rest_route=%2Fwp%2Fv2%2Fmedia&parent=217836"}],"wp:term":[{"taxonomy":"category","embeddable":true,"href":"https:\/\/www.ocorreionews.com.br\/acervo-correio\/index.php?rest_route=%2Fwp%2Fv2%2Fcategories&post=217836"},{"taxonomy":"post_tag","embeddable":true,"href":"https:\/\/www.ocorreionews.com.br\/acervo-correio\/index.php?rest_route=%2Fwp%2Fv2%2Ftags&post=217836"}],"curies":[{"name":"wp","href":"https:\/\/api.w.org\/{rel}","templated":true}]}}